{"id":17746,"date":"2018-11-27T11:02:30","date_gmt":"2018-11-27T11:02:30","guid":{"rendered":"https:\/\/torello.com\/?p=17746"},"modified":"2023-11-17T11:06:28","modified_gmt":"2023-11-17T11:06:28","slug":"the-2018-harvest-in-torello","status":"publish","type":"post","link":"https:\/\/torello.com\/en\/the-2018-harvest-in-torello\/","title":{"rendered":"The 2018 harvest in Torell\u00f3"},"content":{"rendered":"<div id=\"attachment_16753\" style=\"width: 310px\" class=\"wp-caption alignnone\"><img decoding=\"async\" aria-describedby=\"caption-attachment-16753\" class=\"size-full wp-image-16753\" src=\"https:\/\/torello.com\/wp-content\/uploads\/2023\/07\/veremaTORELLO20181-300x225-1.jpg\" alt=\"Paco de la Rosa Torell\u00f3 en la vendimia 2018\" width=\"300\" height=\"225\" srcset=\"https:\/\/torello.com\/wp-content\/uploads\/2023\/07\/veremaTORELLO20181-300x225-1-196x147.jpg 196w, https:\/\/torello.com\/wp-content\/uploads\/2023\/07\/veremaTORELLO20181-300x225-1-200x150.jpg 200w, https:\/\/torello.com\/wp-content\/uploads\/2023\/07\/veremaTORELLO20181-300x225-1.jpg 300w\" sizes=\"(max-width: 300px) 100vw, 300px\" \/><p id=\"caption-attachment-16753\" class=\"wp-caption-text\">Paco de la Rosa Torell\u00f3 en la vendimia 2018<\/p><\/div>\n<h2>The 66th harvest at Can Mart\u00ed<\/h2>\n<p>Commencing on August 13th and concluding on September 27th, with occasional pauses due to storms and the necessary maturation of select varieties. Truth be told, 2018 will stand out as the year engraved in our memory for the highest rainfall across all four seasons, causing a 10-day delay in the harvest compared to the previous year. The total rainfall on our estate from January to September 2018 amounted to 822 liters per square meter.<\/p>\n<h2>Ecological excellence: meticulous hand-harvesting of 11 varieties<\/h2>\n<p>The 11 ecologically cultivated varieties were meticulously hand-harvested and swiftly transported to the cellar using small trailers or 25kg boxes. While minor instances of mildew were detected in the most susceptible varieties, the manual harvesting process allowed for a pre-selection of grapes on the vine, impacting only production and not compromising quality.<\/p>\n<h2>Corpinnat affiliation: a landmark harvest audited by Bureau Veritas<\/h2>\n<p>This marks our inaugural harvest since becoming members of the Association of Wine-growers and Producers Corpinnat (AVEC), a milestone audited by Bureau Veritas. Learn more at www.corpinnat.com.<\/p>\n<h2>Culmination in complexity: crafting wines with acidity-alcohol balance<\/h2>\n<p>The resulting wines from this climatically intricate harvest are distinguished by a remarkable balance between acidity and alcohol content\u2014a crucial hallmark for the enduring effervescence of our aged sparkling wines.<\/p>\n","protected":false},"excerpt":{"rendered":"<p>The 66th harvest at Can Mart\u00ed Commencing on August 13th and concluding on September 27th, with occasional pauses due to storms and the necessary maturation of select varieties. Truth be told, 2018 will stand out as the year engraved in our memory for the highest rainfall across all four seasons, causing a 10-day delay in<\/p>\n","protected":false},"author":6,"featured_media":16753,"comment_status":"closed","ping_status":"closed","sticky":false,"template":"","format":"standard","meta":{"footnotes":""},"categories":[1017],"tags":[1027],"class_list":["post-17746","post","type-post","status-publish","format-standard","has-post-thumbnail","hentry","category-harvest","tag-mildiu-en"],"yoast_head":"<!-- This site is optimized with the Yoast SEO plugin v26.7 - https:\/\/yoast.com\/wordpress\/plugins\/seo\/ -->\n<title>The 2018 harvest in Torell\u00f3<\/title>\n<meta name=\"description\" content=\"The 2018 harvest in Torell\u00f3, the inaugural Corpinnat harvest, a legacy marked by 66 years of crafting exceptional sparkling wine.\" \/>\n<meta name=\"robots\" content=\"index, follow, max-snippet:-1, max-image-preview:large, max-video-preview:-1\" \/>\n<link rel=\"canonical\" href=\"https:\/\/torello.com\/en\/the-2018-harvest-in-torello\/\" \/>\n<meta property=\"og:locale\" content=\"en_US\" \/>\n<meta property=\"og:type\" content=\"article\" \/>\n<meta property=\"og:title\" content=\"The 2018 harvest in Torell\u00f3\" \/>\n<meta property=\"og:description\" content=\"The 2018 harvest in Torell\u00f3, the inaugural Corpinnat harvest, a legacy marked by 66 years of crafting exceptional sparkling wine.\" \/>\n<meta property=\"og:url\" content=\"https:\/\/torello.com\/en\/the-2018-harvest-in-torello\/\" \/>\n<meta property=\"og:site_name\" content=\"Torell\u00f3 Viticultors Grans escumosos i vins ecol\u00f2gics\" \/>\n<meta property=\"article:publisher\" content=\"https:\/\/www.facebook.com\/TorelloViticultors\/\" \/>\n<meta property=\"article:published_time\" content=\"2018-11-27T11:02:30+00:00\" \/>\n<meta property=\"article:modified_time\" content=\"2023-11-17T11:06:28+00:00\" \/>\n<meta property=\"og:image\" content=\"https:\/\/torello.com\/wp-content\/uploads\/2023\/07\/veremaTORELLO20181-300x225-1.jpg\" \/>\n\t<meta property=\"og:image:width\" content=\"300\" \/>\n\t<meta property=\"og:image:height\" content=\"225\" \/>\n\t<meta property=\"og:image:type\" content=\"image\/jpeg\" \/>\n<meta name=\"author\" content=\"Xavi Aranda\" \/>\n<meta name=\"twitter:card\" content=\"summary_large_image\" \/>\n<meta name=\"twitter:creator\" content=\"@TorelloViticult\" \/>\n<meta name=\"twitter:site\" content=\"@TorelloViticult\" \/>\n<meta name=\"twitter:label1\" content=\"Written by\" \/>\n\t<meta name=\"twitter:data1\" content=\"Xavi Aranda\" \/>\n\t<meta name=\"twitter:label2\" content=\"Est. reading time\" \/>\n\t<meta name=\"twitter:data2\" content=\"2 minutes\" \/>\n<script type=\"application\/ld+json\" class=\"yoast-schema-graph\">{\"@context\":\"https:\/\/schema.org\",\"@graph\":[{\"@type\":\"Article\",\"@id\":\"https:\/\/torello.com\/en\/the-2018-harvest-in-torello\/#article\",\"isPartOf\":{\"@id\":\"https:\/\/torello.com\/en\/the-2018-harvest-in-torello\/\"},\"author\":{\"name\":\"Xavi Aranda\",\"@id\":\"https:\/\/torello.com\/en\/#\/schema\/person\/af0430a2b2d6328b7c5326d55829e8e5\"},\"headline\":\"The 2018 harvest in Torell\u00f3\",\"datePublished\":\"2018-11-27T11:02:30+00:00\",\"dateModified\":\"2023-11-17T11:06:28+00:00\",\"mainEntityOfPage\":{\"@id\":\"https:\/\/torello.com\/en\/the-2018-harvest-in-torello\/\"},\"wordCount\":230,\"publisher\":{\"@id\":\"https:\/\/torello.com\/en\/#organization\"},\"image\":{\"@id\":\"https:\/\/torello.com\/en\/the-2018-harvest-in-torello\/#primaryimage\"},\"thumbnailUrl\":\"https:\/\/torello.com\/wp-content\/uploads\/2023\/07\/veremaTORELLO20181-300x225-1.jpg\",\"keywords\":[\"mildiu\"],\"articleSection\":[\"Harvest\"],\"inLanguage\":\"en-US\"},{\"@type\":\"WebPage\",\"@id\":\"https:\/\/torello.com\/en\/the-2018-harvest-in-torello\/\",\"url\":\"https:\/\/torello.com\/en\/the-2018-harvest-in-torello\/\",\"name\":\"The 2018 harvest in Torell\u00f3\",\"isPartOf\":{\"@id\":\"https:\/\/torello.com\/en\/#website\"},\"primaryImageOfPage\":{\"@id\":\"https:\/\/torello.com\/en\/the-2018-harvest-in-torello\/#primaryimage\"},\"image\":{\"@id\":\"https:\/\/torello.com\/en\/the-2018-harvest-in-torello\/#primaryimage\"},\"thumbnailUrl\":\"https:\/\/torello.com\/wp-content\/uploads\/2023\/07\/veremaTORELLO20181-300x225-1.jpg\",\"datePublished\":\"2018-11-27T11:02:30+00:00\",\"dateModified\":\"2023-11-17T11:06:28+00:00\",\"description\":\"The 2018 harvest in Torell\u00f3, the inaugural Corpinnat harvest, a legacy marked by 66 years of crafting exceptional sparkling wine.\",\"breadcrumb\":{\"@id\":\"https:\/\/torello.com\/en\/the-2018-harvest-in-torello\/#breadcrumb\"},\"inLanguage\":\"en-US\",\"potentialAction\":[{\"@type\":\"ReadAction\",\"target\":[\"https:\/\/torello.com\/en\/the-2018-harvest-in-torello\/\"]}]},{\"@type\":\"ImageObject\",\"inLanguage\":\"en-US\",\"@id\":\"https:\/\/torello.com\/en\/the-2018-harvest-in-torello\/#primaryimage\",\"url\":\"https:\/\/torello.com\/wp-content\/uploads\/2023\/07\/veremaTORELLO20181-300x225-1.jpg\",\"contentUrl\":\"https:\/\/torello.com\/wp-content\/uploads\/2023\/07\/veremaTORELLO20181-300x225-1.jpg\",\"width\":300,\"height\":225,\"caption\":\"Paco de la Rosa Torell\u00f3 en la vendimia 2018\"},{\"@type\":\"BreadcrumbList\",\"@id\":\"https:\/\/torello.com\/en\/the-2018-harvest-in-torello\/#breadcrumb\",\"itemListElement\":[{\"@type\":\"ListItem\",\"position\":1,\"name\":\"Inici\",\"item\":\"https:\/\/torello.com\/en\/\"},{\"@type\":\"ListItem\",\"position\":2,\"name\":\"The 2018 harvest in Torell\u00f3\"}]},{\"@type\":\"WebSite\",\"@id\":\"https:\/\/torello.com\/en\/#website\",\"url\":\"https:\/\/torello.com\/en\/\",\"name\":\"Torell\u00f3 Viticultors Grans escumosos i vins ecol\u00f2gics\",\"description\":\"Bodega familiar situada en el Pened\u00e9s, l\u00edder en la elaboraci\u00f3n de Cava y vinos, s\u00f3lo utiliza uva cultivada en su finca Can Mart\u00ed.\",\"publisher\":{\"@id\":\"https:\/\/torello.com\/en\/#organization\"},\"potentialAction\":[{\"@type\":\"SearchAction\",\"target\":{\"@type\":\"EntryPoint\",\"urlTemplate\":\"https:\/\/torello.com\/en\/?s={search_term_string}\"},\"query-input\":{\"@type\":\"PropertyValueSpecification\",\"valueRequired\":true,\"valueName\":\"search_term_string\"}}],\"inLanguage\":\"en-US\"},{\"@type\":\"Organization\",\"@id\":\"https:\/\/torello.com\/en\/#organization\",\"name\":\"Torell\u00f3 sparkling and ecologic wines\",\"url\":\"https:\/\/torello.com\/en\/\",\"logo\":{\"@type\":\"ImageObject\",\"inLanguage\":\"en-US\",\"@id\":\"https:\/\/torello.com\/en\/#\/schema\/logo\/image\/\",\"url\":\"https:\/\/torello.com\/wp-content\/uploads\/2020\/02\/TORELLO_LOGO_4.png\",\"contentUrl\":\"https:\/\/torello.com\/wp-content\/uploads\/2020\/02\/TORELLO_LOGO_4.png\",\"width\":278,\"height\":140,\"caption\":\"Torell\u00f3 sparkling and ecologic wines\"},\"image\":{\"@id\":\"https:\/\/torello.com\/en\/#\/schema\/logo\/image\/\"},\"sameAs\":[\"https:\/\/www.facebook.com\/TorelloViticultors\/\",\"https:\/\/x.com\/TorelloViticult\",\"https:\/\/www.instagram.com\/torelloviticultors\/\",\"https:\/\/www.youtube.com\/user\/Torello57\"]},{\"@type\":\"Person\",\"@id\":\"https:\/\/torello.com\/en\/#\/schema\/person\/af0430a2b2d6328b7c5326d55829e8e5\",\"name\":\"Xavi Aranda\",\"image\":{\"@type\":\"ImageObject\",\"inLanguage\":\"en-US\",\"@id\":\"https:\/\/torello.com\/en\/#\/schema\/person\/image\/\",\"url\":\"https:\/\/secure.gravatar.com\/avatar\/60aaed920de8bf037b3167ff36934c57b6d91c1daceade7b67502ed2a0a18b86?s=96&d=mm&r=g\",\"contentUrl\":\"https:\/\/secure.gravatar.com\/avatar\/60aaed920de8bf037b3167ff36934c57b6d91c1daceade7b67502ed2a0a18b86?s=96&d=mm&r=g\",\"caption\":\"Xavi Aranda\"}}]}<\/script>\n<!-- \/ Yoast SEO plugin. -->","yoast_head_json":{"title":"The 2018 harvest in Torell\u00f3","description":"The 2018 harvest in Torell\u00f3, the inaugural Corpinnat harvest, a legacy marked by 66 years of crafting exceptional sparkling wine.","robots":{"index":"index","follow":"follow","max-snippet":"max-snippet:-1","max-image-preview":"max-image-preview:large","max-video-preview":"max-video-preview:-1"},"canonical":"https:\/\/torello.com\/en\/the-2018-harvest-in-torello\/","og_locale":"en_US","og_type":"article","og_title":"The 2018 harvest in Torell\u00f3","og_description":"The 2018 harvest in Torell\u00f3, the inaugural Corpinnat harvest, a legacy marked by 66 years of crafting exceptional sparkling wine.","og_url":"https:\/\/torello.com\/en\/the-2018-harvest-in-torello\/","og_site_name":"Torell\u00f3 Viticultors Grans escumosos i vins ecol\u00f2gics","article_publisher":"https:\/\/www.facebook.com\/TorelloViticultors\/","article_published_time":"2018-11-27T11:02:30+00:00","article_modified_time":"2023-11-17T11:06:28+00:00","og_image":[{"width":300,"height":225,"url":"https:\/\/torello.com\/wp-content\/uploads\/2023\/07\/veremaTORELLO20181-300x225-1.jpg","type":"image\/jpeg"}],"author":"Xavi Aranda","twitter_card":"summary_large_image","twitter_creator":"@TorelloViticult","twitter_site":"@TorelloViticult","twitter_misc":{"Written by":"Xavi Aranda","Est. reading time":"2 minutes"},"schema":{"@context":"https:\/\/schema.org","@graph":[{"@type":"Article","@id":"https:\/\/torello.com\/en\/the-2018-harvest-in-torello\/#article","isPartOf":{"@id":"https:\/\/torello.com\/en\/the-2018-harvest-in-torello\/"},"author":{"name":"Xavi Aranda","@id":"https:\/\/torello.com\/en\/#\/schema\/person\/af0430a2b2d6328b7c5326d55829e8e5"},"headline":"The 2018 harvest in Torell\u00f3","datePublished":"2018-11-27T11:02:30+00:00","dateModified":"2023-11-17T11:06:28+00:00","mainEntityOfPage":{"@id":"https:\/\/torello.com\/en\/the-2018-harvest-in-torello\/"},"wordCount":230,"publisher":{"@id":"https:\/\/torello.com\/en\/#organization"},"image":{"@id":"https:\/\/torello.com\/en\/the-2018-harvest-in-torello\/#primaryimage"},"thumbnailUrl":"https:\/\/torello.com\/wp-content\/uploads\/2023\/07\/veremaTORELLO20181-300x225-1.jpg","keywords":["mildiu"],"articleSection":["Harvest"],"inLanguage":"en-US"},{"@type":"WebPage","@id":"https:\/\/torello.com\/en\/the-2018-harvest-in-torello\/","url":"https:\/\/torello.com\/en\/the-2018-harvest-in-torello\/","name":"The 2018 harvest in Torell\u00f3","isPartOf":{"@id":"https:\/\/torello.com\/en\/#website"},"primaryImageOfPage":{"@id":"https:\/\/torello.com\/en\/the-2018-harvest-in-torello\/#primaryimage"},"image":{"@id":"https:\/\/torello.com\/en\/the-2018-harvest-in-torello\/#primaryimage"},"thumbnailUrl":"https:\/\/torello.com\/wp-content\/uploads\/2023\/07\/veremaTORELLO20181-300x225-1.jpg","datePublished":"2018-11-27T11:02:30+00:00","dateModified":"2023-11-17T11:06:28+00:00","description":"The 2018 harvest in Torell\u00f3, the inaugural Corpinnat harvest, a legacy marked by 66 years of crafting exceptional sparkling wine.","breadcrumb":{"@id":"https:\/\/torello.com\/en\/the-2018-harvest-in-torello\/#breadcrumb"},"inLanguage":"en-US","potentialAction":[{"@type":"ReadAction","target":["https:\/\/torello.com\/en\/the-2018-harvest-in-torello\/"]}]},{"@type":"ImageObject","inLanguage":"en-US","@id":"https:\/\/torello.com\/en\/the-2018-harvest-in-torello\/#primaryimage","url":"https:\/\/torello.com\/wp-content\/uploads\/2023\/07\/veremaTORELLO20181-300x225-1.jpg","contentUrl":"https:\/\/torello.com\/wp-content\/uploads\/2023\/07\/veremaTORELLO20181-300x225-1.jpg","width":300,"height":225,"caption":"Paco de la Rosa Torell\u00f3 en la vendimia 2018"},{"@type":"BreadcrumbList","@id":"https:\/\/torello.com\/en\/the-2018-harvest-in-torello\/#breadcrumb","itemListElement":[{"@type":"ListItem","position":1,"name":"Inici","item":"https:\/\/torello.com\/en\/"},{"@type":"ListItem","position":2,"name":"The 2018 harvest in Torell\u00f3"}]},{"@type":"WebSite","@id":"https:\/\/torello.com\/en\/#website","url":"https:\/\/torello.com\/en\/","name":"Torell\u00f3 Viticultors Grans escumosos i vins ecol\u00f2gics","description":"Bodega familiar situada en el Pened\u00e9s, l\u00edder en la elaboraci\u00f3n de Cava y vinos, s\u00f3lo utiliza uva cultivada en su finca Can Mart\u00ed.","publisher":{"@id":"https:\/\/torello.com\/en\/#organization"},"potentialAction":[{"@type":"SearchAction","target":{"@type":"EntryPoint","urlTemplate":"https:\/\/torello.com\/en\/?s={search_term_string}"},"query-input":{"@type":"PropertyValueSpecification","valueRequired":true,"valueName":"search_term_string"}}],"inLanguage":"en-US"},{"@type":"Organization","@id":"https:\/\/torello.com\/en\/#organization","name":"Torell\u00f3 sparkling and ecologic wines","url":"https:\/\/torello.com\/en\/","logo":{"@type":"ImageObject","inLanguage":"en-US","@id":"https:\/\/torello.com\/en\/#\/schema\/logo\/image\/","url":"https:\/\/torello.com\/wp-content\/uploads\/2020\/02\/TORELLO_LOGO_4.png","contentUrl":"https:\/\/torello.com\/wp-content\/uploads\/2020\/02\/TORELLO_LOGO_4.png","width":278,"height":140,"caption":"Torell\u00f3 sparkling and ecologic wines"},"image":{"@id":"https:\/\/torello.com\/en\/#\/schema\/logo\/image\/"},"sameAs":["https:\/\/www.facebook.com\/TorelloViticultors\/","https:\/\/x.com\/TorelloViticult","https:\/\/www.instagram.com\/torelloviticultors\/","https:\/\/www.youtube.com\/user\/Torello57"]},{"@type":"Person","@id":"https:\/\/torello.com\/en\/#\/schema\/person\/af0430a2b2d6328b7c5326d55829e8e5","name":"Xavi Aranda","image":{"@type":"ImageObject","inLanguage":"en-US","@id":"https:\/\/torello.com\/en\/#\/schema\/person\/image\/","url":"https:\/\/secure.gravatar.com\/avatar\/60aaed920de8bf037b3167ff36934c57b6d91c1daceade7b67502ed2a0a18b86?s=96&d=mm&r=g","contentUrl":"https:\/\/secure.gravatar.com\/avatar\/60aaed920de8bf037b3167ff36934c57b6d91c1daceade7b67502ed2a0a18b86?s=96&d=mm&r=g","caption":"Xavi Aranda"}}]}},"_links":{"self":[{"href":"https:\/\/torello.com\/en\/wp-json\/wp\/v2\/posts\/17746","targetHints":{"allow":["GET"]}}],"collection":[{"href":"https:\/\/torello.com\/en\/wp-json\/wp\/v2\/posts"}],"about":[{"href":"https:\/\/torello.com\/en\/wp-json\/wp\/v2\/types\/post"}],"author":[{"embeddable":true,"href":"https:\/\/torello.com\/en\/wp-json\/wp\/v2\/users\/6"}],"replies":[{"embeddable":true,"href":"https:\/\/torello.com\/en\/wp-json\/wp\/v2\/comments?post=17746"}],"version-history":[{"count":0,"href":"https:\/\/torello.com\/en\/wp-json\/wp\/v2\/posts\/17746\/revisions"}],"wp:featuredmedia":[{"embeddable":true,"href":"https:\/\/torello.com\/en\/wp-json\/wp\/v2\/media\/16753"}],"wp:attachment":[{"href":"https:\/\/torello.com\/en\/wp-json\/wp\/v2\/media?parent=17746"}],"wp:term":[{"taxonomy":"category","embeddable":true,"href":"https:\/\/torello.com\/en\/wp-json\/wp\/v2\/categories?post=17746"},{"taxonomy":"post_tag","embeddable":true,"href":"https:\/\/torello.com\/en\/wp-json\/wp\/v2\/tags?post=17746"}],"curies":[{"name":"wp","href":"https:\/\/api.w.org\/{rel}","templated":true}]}}