{"id":18426,"date":"2024-02-02T14:12:29","date_gmt":"2024-02-02T14:12:29","guid":{"rendered":"https:\/\/torello.com\/?p=18426"},"modified":"2024-02-02T14:12:29","modified_gmt":"2024-02-02T14:12:29","slug":"well-see-you-soon-at-the-fairs","status":"publish","type":"post","link":"https:\/\/torello.com\/en\/well-see-you-soon-at-the-fairs\/","title":{"rendered":"We&#8217;ll see you soon at the fairs!"},"content":{"rendered":"<div id=\"attachment_18421\" style=\"width: 732px\" class=\"wp-caption alignnone\"><img decoding=\"async\" aria-describedby=\"caption-attachment-18421\" class=\"wp-image-18421 size-large\" src=\"https:\/\/torello.com\/wp-content\/uploads\/2024\/02\/Fires-Comercials-Torello-722x1024.jpg\" alt=\"Fires on ser\" width=\"722\" height=\"1024\" srcset=\"https:\/\/torello.com\/wp-content\/uploads\/2024\/02\/Fires-Comercials-Torello-196x278.jpg 196w, https:\/\/torello.com\/wp-content\/uploads\/2024\/02\/Fires-Comercials-Torello-200x284.jpg 200w, https:\/\/torello.com\/wp-content\/uploads\/2024\/02\/Fires-Comercials-Torello-212x300.jpg 212w, https:\/\/torello.com\/wp-content\/uploads\/2024\/02\/Fires-Comercials-Torello-400x567.jpg 400w, https:\/\/torello.com\/wp-content\/uploads\/2024\/02\/Fires-Comercials-Torello-500x709.jpg 500w, https:\/\/torello.com\/wp-content\/uploads\/2024\/02\/Fires-Comercials-Torello-600x851.jpg 600w, https:\/\/torello.com\/wp-content\/uploads\/2024\/02\/Fires-Comercials-Torello-700x992.jpg 700w, https:\/\/torello.com\/wp-content\/uploads\/2024\/02\/Fires-Comercials-Torello-722x1024.jpg 722w, https:\/\/torello.com\/wp-content\/uploads\/2024\/02\/Fires-Comercials-Torello-768x1089.jpg 768w, https:\/\/torello.com\/wp-content\/uploads\/2024\/02\/Fires-Comercials-Torello-800x1134.jpg 800w, https:\/\/torello.com\/wp-content\/uploads\/2024\/02\/Fires-Comercials-Torello.jpg 1058w\" sizes=\"(max-width: 722px) 100vw, 722px\" \/><p id=\"caption-attachment-18421\" class=\"wp-caption-text\">Fires on ser\u00e0 present Torell\u00f3<\/p><\/div>\n<p>This 2024 Torell\u00f3 Viticultors will participate at the next fairs:<\/p>\n<ul>\n<li><strong>Barcelona Wine Week<\/strong>, 5th-7th February 2024<\/li>\n<li><strong>La M\u00fasica del Vi<\/strong>, Barcelona, 4th March 2024<\/li>\n<li><strong>Prowein Dusseldorf<\/strong>, 10th-12th March 2024<\/li>\n<li>Sal\u00f3n Gourmets, 22th-25th April 2024<\/li>\n<li><strong>Sal\u00f3n Pe\u00f1\u00edn Best Wines Madrid<\/strong> November 2024<\/li>\n<\/ul>\n<p>Hope to see you soon at the fairs!<\/p>\n","protected":false},"excerpt":{"rendered":"<p>This 2024 Torell\u00f3 Viticultors will participate at the next fairs: Barcelona Wine Week, 5th-7th February 2024 La M\u00fasica del Vi, Barcelona, 4th March 2024 Prowein Dusseldorf, 10th-12th March 2024 Sal\u00f3n Gourmets, 22th-25th April 2024 Sal\u00f3n Pe\u00f1\u00edn Best Wines Madrid November 2024 Hope to see you soon at the fairs!<\/p>\n","protected":false},"author":6,"featured_media":18421,"comment_status":"closed","ping_status":"closed","sticky":false,"template":"","format":"standard","meta":{"footnotes":""},"categories":[122],"tags":[1053,1054,1055,325,1052],"class_list":["post-18426","post","type-post","status-publish","format-standard","has-post-thumbnail","hentry","category-news-torello","tag-bww-en","tag-gourmets-en","tag-musica-del-vi-en","tag-penin-en","tag-prowein-en"],"yoast_head":"<!-- This site is optimized with the Yoast SEO plugin v26.7 - https:\/\/yoast.com\/wordpress\/plugins\/seo\/ -->\n<title>We&#039;ll see you soon at the fairs!<\/title>\n<meta name=\"description\" content=\"Fairs where Torell\u00f3 will be present in this 2024. Barcelona Wine Week, Prowein, Sal\u00f3n Gourmets, Sal\u00f3n de los Mejores Vinos...\" \/>\n<meta name=\"robots\" content=\"index, follow, max-snippet:-1, max-image-preview:large, max-video-preview:-1\" \/>\n<link rel=\"canonical\" href=\"https:\/\/torello.com\/en\/well-see-you-soon-at-the-fairs\/\" \/>\n<meta property=\"og:locale\" content=\"en_US\" \/>\n<meta property=\"og:type\" content=\"article\" \/>\n<meta property=\"og:title\" content=\"We&#039;ll see you soon at the fairs!\" \/>\n<meta property=\"og:description\" content=\"Fairs where Torell\u00f3 will be present in this 2024. Barcelona Wine Week, Prowein, Sal\u00f3n Gourmets, Sal\u00f3n de los Mejores Vinos...\" \/>\n<meta property=\"og:url\" content=\"https:\/\/torello.com\/en\/well-see-you-soon-at-the-fairs\/\" \/>\n<meta property=\"og:site_name\" content=\"Torell\u00f3 Viticultors Grans escumosos i vins ecol\u00f2gics\" \/>\n<meta property=\"article:publisher\" content=\"https:\/\/www.facebook.com\/TorelloViticultors\/\" \/>\n<meta property=\"article:published_time\" content=\"2024-02-02T14:12:29+00:00\" \/>\n<meta property=\"og:image\" content=\"https:\/\/torello.com\/wp-content\/uploads\/2024\/02\/Fires-Comercials-Torello.jpg\" \/>\n\t<meta property=\"og:image:width\" content=\"1058\" \/>\n\t<meta property=\"og:image:height\" content=\"1500\" \/>\n\t<meta property=\"og:image:type\" content=\"image\/jpeg\" \/>\n<meta name=\"author\" content=\"Xavi Aranda\" \/>\n<meta name=\"twitter:card\" content=\"summary_large_image\" \/>\n<meta name=\"twitter:creator\" content=\"@TorelloViticult\" \/>\n<meta name=\"twitter:site\" content=\"@TorelloViticult\" \/>\n<meta name=\"twitter:label1\" content=\"Written by\" \/>\n\t<meta name=\"twitter:data1\" content=\"Xavi Aranda\" \/>\n\t<meta name=\"twitter:label2\" content=\"Est. reading time\" \/>\n\t<meta name=\"twitter:data2\" content=\"1 minute\" \/>\n<script type=\"application\/ld+json\" class=\"yoast-schema-graph\">{\"@context\":\"https:\/\/schema.org\",\"@graph\":[{\"@type\":\"Article\",\"@id\":\"https:\/\/torello.com\/en\/well-see-you-soon-at-the-fairs\/#article\",\"isPartOf\":{\"@id\":\"https:\/\/torello.com\/en\/well-see-you-soon-at-the-fairs\/\"},\"author\":{\"name\":\"Xavi Aranda\",\"@id\":\"https:\/\/torello.com\/en\/#\/schema\/person\/af0430a2b2d6328b7c5326d55829e8e5\"},\"headline\":\"We&#8217;ll see you soon at the fairs!\",\"datePublished\":\"2024-02-02T14:12:29+00:00\",\"mainEntityOfPage\":{\"@id\":\"https:\/\/torello.com\/en\/well-see-you-soon-at-the-fairs\/\"},\"wordCount\":70,\"publisher\":{\"@id\":\"https:\/\/torello.com\/en\/#organization\"},\"image\":{\"@id\":\"https:\/\/torello.com\/en\/well-see-you-soon-at-the-fairs\/#primaryimage\"},\"thumbnailUrl\":\"https:\/\/torello.com\/wp-content\/uploads\/2024\/02\/Fires-Comercials-Torello.jpg\",\"keywords\":[\"bww\",\"Gourmets\",\"m\u00fasica del vi\",\"Pe\u00f1\u00edn\",\"prowein\"],\"articleSection\":[\"News Torell\u00f3\"],\"inLanguage\":\"en-US\"},{\"@type\":\"WebPage\",\"@id\":\"https:\/\/torello.com\/en\/well-see-you-soon-at-the-fairs\/\",\"url\":\"https:\/\/torello.com\/en\/well-see-you-soon-at-the-fairs\/\",\"name\":\"We'll see you soon at the fairs!\",\"isPartOf\":{\"@id\":\"https:\/\/torello.com\/en\/#website\"},\"primaryImageOfPage\":{\"@id\":\"https:\/\/torello.com\/en\/well-see-you-soon-at-the-fairs\/#primaryimage\"},\"image\":{\"@id\":\"https:\/\/torello.com\/en\/well-see-you-soon-at-the-fairs\/#primaryimage\"},\"thumbnailUrl\":\"https:\/\/torello.com\/wp-content\/uploads\/2024\/02\/Fires-Comercials-Torello.jpg\",\"datePublished\":\"2024-02-02T14:12:29+00:00\",\"description\":\"Fairs where Torell\u00f3 will be present in this 2024. Barcelona Wine Week, Prowein, Sal\u00f3n Gourmets, Sal\u00f3n de los Mejores Vinos...\",\"breadcrumb\":{\"@id\":\"https:\/\/torello.com\/en\/well-see-you-soon-at-the-fairs\/#breadcrumb\"},\"inLanguage\":\"en-US\",\"potentialAction\":[{\"@type\":\"ReadAction\",\"target\":[\"https:\/\/torello.com\/en\/well-see-you-soon-at-the-fairs\/\"]}]},{\"@type\":\"ImageObject\",\"inLanguage\":\"en-US\",\"@id\":\"https:\/\/torello.com\/en\/well-see-you-soon-at-the-fairs\/#primaryimage\",\"url\":\"https:\/\/torello.com\/wp-content\/uploads\/2024\/02\/Fires-Comercials-Torello.jpg\",\"contentUrl\":\"https:\/\/torello.com\/wp-content\/uploads\/2024\/02\/Fires-Comercials-Torello.jpg\",\"width\":1058,\"height\":1500,\"caption\":\"Fires on ser\u00e0 present Torell\u00f3\"},{\"@type\":\"BreadcrumbList\",\"@id\":\"https:\/\/torello.com\/en\/well-see-you-soon-at-the-fairs\/#breadcrumb\",\"itemListElement\":[{\"@type\":\"ListItem\",\"position\":1,\"name\":\"Inici\",\"item\":\"https:\/\/torello.com\/en\/\"},{\"@type\":\"ListItem\",\"position\":2,\"name\":\"We&#8217;ll see you soon at the fairs!\"}]},{\"@type\":\"WebSite\",\"@id\":\"https:\/\/torello.com\/en\/#website\",\"url\":\"https:\/\/torello.com\/en\/\",\"name\":\"Torell\u00f3 Viticultors Grans escumosos i vins ecol\u00f2gics\",\"description\":\"Bodega familiar situada en el Pened\u00e9s, l\u00edder en la elaboraci\u00f3n de Cava y vinos, s\u00f3lo utiliza uva cultivada en su finca Can Mart\u00ed.\",\"publisher\":{\"@id\":\"https:\/\/torello.com\/en\/#organization\"},\"potentialAction\":[{\"@type\":\"SearchAction\",\"target\":{\"@type\":\"EntryPoint\",\"urlTemplate\":\"https:\/\/torello.com\/en\/?s={search_term_string}\"},\"query-input\":{\"@type\":\"PropertyValueSpecification\",\"valueRequired\":true,\"valueName\":\"search_term_string\"}}],\"inLanguage\":\"en-US\"},{\"@type\":\"Organization\",\"@id\":\"https:\/\/torello.com\/en\/#organization\",\"name\":\"Torell\u00f3 sparkling and ecologic wines\",\"url\":\"https:\/\/torello.com\/en\/\",\"logo\":{\"@type\":\"ImageObject\",\"inLanguage\":\"en-US\",\"@id\":\"https:\/\/torello.com\/en\/#\/schema\/logo\/image\/\",\"url\":\"https:\/\/torello.com\/wp-content\/uploads\/2020\/02\/TORELLO_LOGO_4.png\",\"contentUrl\":\"https:\/\/torello.com\/wp-content\/uploads\/2020\/02\/TORELLO_LOGO_4.png\",\"width\":278,\"height\":140,\"caption\":\"Torell\u00f3 sparkling and ecologic wines\"},\"image\":{\"@id\":\"https:\/\/torello.com\/en\/#\/schema\/logo\/image\/\"},\"sameAs\":[\"https:\/\/www.facebook.com\/TorelloViticultors\/\",\"https:\/\/x.com\/TorelloViticult\",\"https:\/\/www.instagram.com\/torelloviticultors\/\",\"https:\/\/www.youtube.com\/user\/Torello57\"]},{\"@type\":\"Person\",\"@id\":\"https:\/\/torello.com\/en\/#\/schema\/person\/af0430a2b2d6328b7c5326d55829e8e5\",\"name\":\"Xavi Aranda\",\"image\":{\"@type\":\"ImageObject\",\"inLanguage\":\"en-US\",\"@id\":\"https:\/\/torello.com\/en\/#\/schema\/person\/image\/\",\"url\":\"https:\/\/secure.gravatar.com\/avatar\/60aaed920de8bf037b3167ff36934c57b6d91c1daceade7b67502ed2a0a18b86?s=96&d=mm&r=g\",\"contentUrl\":\"https:\/\/secure.gravatar.com\/avatar\/60aaed920de8bf037b3167ff36934c57b6d91c1daceade7b67502ed2a0a18b86?s=96&d=mm&r=g\",\"caption\":\"Xavi Aranda\"}}]}<\/script>\n<!-- \/ Yoast SEO plugin. -->","yoast_head_json":{"title":"We'll see you soon at the fairs!","description":"Fairs where Torell\u00f3 will be present in this 2024. Barcelona Wine Week, Prowein, Sal\u00f3n Gourmets, Sal\u00f3n de los Mejores Vinos...","robots":{"index":"index","follow":"follow","max-snippet":"max-snippet:-1","max-image-preview":"max-image-preview:large","max-video-preview":"max-video-preview:-1"},"canonical":"https:\/\/torello.com\/en\/well-see-you-soon-at-the-fairs\/","og_locale":"en_US","og_type":"article","og_title":"We'll see you soon at the fairs!","og_description":"Fairs where Torell\u00f3 will be present in this 2024. Barcelona Wine Week, Prowein, Sal\u00f3n Gourmets, Sal\u00f3n de los Mejores Vinos...","og_url":"https:\/\/torello.com\/en\/well-see-you-soon-at-the-fairs\/","og_site_name":"Torell\u00f3 Viticultors Grans escumosos i vins ecol\u00f2gics","article_publisher":"https:\/\/www.facebook.com\/TorelloViticultors\/","article_published_time":"2024-02-02T14:12:29+00:00","og_image":[{"width":1058,"height":1500,"url":"https:\/\/torello.com\/wp-content\/uploads\/2024\/02\/Fires-Comercials-Torello.jpg","type":"image\/jpeg"}],"author":"Xavi Aranda","twitter_card":"summary_large_image","twitter_creator":"@TorelloViticult","twitter_site":"@TorelloViticult","twitter_misc":{"Written by":"Xavi Aranda","Est. reading time":"1 minute"},"schema":{"@context":"https:\/\/schema.org","@graph":[{"@type":"Article","@id":"https:\/\/torello.com\/en\/well-see-you-soon-at-the-fairs\/#article","isPartOf":{"@id":"https:\/\/torello.com\/en\/well-see-you-soon-at-the-fairs\/"},"author":{"name":"Xavi Aranda","@id":"https:\/\/torello.com\/en\/#\/schema\/person\/af0430a2b2d6328b7c5326d55829e8e5"},"headline":"We&#8217;ll see you soon at the fairs!","datePublished":"2024-02-02T14:12:29+00:00","mainEntityOfPage":{"@id":"https:\/\/torello.com\/en\/well-see-you-soon-at-the-fairs\/"},"wordCount":70,"publisher":{"@id":"https:\/\/torello.com\/en\/#organization"},"image":{"@id":"https:\/\/torello.com\/en\/well-see-you-soon-at-the-fairs\/#primaryimage"},"thumbnailUrl":"https:\/\/torello.com\/wp-content\/uploads\/2024\/02\/Fires-Comercials-Torello.jpg","keywords":["bww","Gourmets","m\u00fasica del vi","Pe\u00f1\u00edn","prowein"],"articleSection":["News Torell\u00f3"],"inLanguage":"en-US"},{"@type":"WebPage","@id":"https:\/\/torello.com\/en\/well-see-you-soon-at-the-fairs\/","url":"https:\/\/torello.com\/en\/well-see-you-soon-at-the-fairs\/","name":"We'll see you soon at the fairs!","isPartOf":{"@id":"https:\/\/torello.com\/en\/#website"},"primaryImageOfPage":{"@id":"https:\/\/torello.com\/en\/well-see-you-soon-at-the-fairs\/#primaryimage"},"image":{"@id":"https:\/\/torello.com\/en\/well-see-you-soon-at-the-fairs\/#primaryimage"},"thumbnailUrl":"https:\/\/torello.com\/wp-content\/uploads\/2024\/02\/Fires-Comercials-Torello.jpg","datePublished":"2024-02-02T14:12:29+00:00","description":"Fairs where Torell\u00f3 will be present in this 2024. Barcelona Wine Week, Prowein, Sal\u00f3n Gourmets, Sal\u00f3n de los Mejores Vinos...","breadcrumb":{"@id":"https:\/\/torello.com\/en\/well-see-you-soon-at-the-fairs\/#breadcrumb"},"inLanguage":"en-US","potentialAction":[{"@type":"ReadAction","target":["https:\/\/torello.com\/en\/well-see-you-soon-at-the-fairs\/"]}]},{"@type":"ImageObject","inLanguage":"en-US","@id":"https:\/\/torello.com\/en\/well-see-you-soon-at-the-fairs\/#primaryimage","url":"https:\/\/torello.com\/wp-content\/uploads\/2024\/02\/Fires-Comercials-Torello.jpg","contentUrl":"https:\/\/torello.com\/wp-content\/uploads\/2024\/02\/Fires-Comercials-Torello.jpg","width":1058,"height":1500,"caption":"Fires on ser\u00e0 present Torell\u00f3"},{"@type":"BreadcrumbList","@id":"https:\/\/torello.com\/en\/well-see-you-soon-at-the-fairs\/#breadcrumb","itemListElement":[{"@type":"ListItem","position":1,"name":"Inici","item":"https:\/\/torello.com\/en\/"},{"@type":"ListItem","position":2,"name":"We&#8217;ll see you soon at the fairs!"}]},{"@type":"WebSite","@id":"https:\/\/torello.com\/en\/#website","url":"https:\/\/torello.com\/en\/","name":"Torell\u00f3 Viticultors Grans escumosos i vins ecol\u00f2gics","description":"Bodega familiar situada en el Pened\u00e9s, l\u00edder en la elaboraci\u00f3n de Cava y vinos, s\u00f3lo utiliza uva cultivada en su finca Can Mart\u00ed.","publisher":{"@id":"https:\/\/torello.com\/en\/#organization"},"potentialAction":[{"@type":"SearchAction","target":{"@type":"EntryPoint","urlTemplate":"https:\/\/torello.com\/en\/?s={search_term_string}"},"query-input":{"@type":"PropertyValueSpecification","valueRequired":true,"valueName":"search_term_string"}}],"inLanguage":"en-US"},{"@type":"Organization","@id":"https:\/\/torello.com\/en\/#organization","name":"Torell\u00f3 sparkling and ecologic wines","url":"https:\/\/torello.com\/en\/","logo":{"@type":"ImageObject","inLanguage":"en-US","@id":"https:\/\/torello.com\/en\/#\/schema\/logo\/image\/","url":"https:\/\/torello.com\/wp-content\/uploads\/2020\/02\/TORELLO_LOGO_4.png","contentUrl":"https:\/\/torello.com\/wp-content\/uploads\/2020\/02\/TORELLO_LOGO_4.png","width":278,"height":140,"caption":"Torell\u00f3 sparkling and ecologic wines"},"image":{"@id":"https:\/\/torello.com\/en\/#\/schema\/logo\/image\/"},"sameAs":["https:\/\/www.facebook.com\/TorelloViticultors\/","https:\/\/x.com\/TorelloViticult","https:\/\/www.instagram.com\/torelloviticultors\/","https:\/\/www.youtube.com\/user\/Torello57"]},{"@type":"Person","@id":"https:\/\/torello.com\/en\/#\/schema\/person\/af0430a2b2d6328b7c5326d55829e8e5","name":"Xavi Aranda","image":{"@type":"ImageObject","inLanguage":"en-US","@id":"https:\/\/torello.com\/en\/#\/schema\/person\/image\/","url":"https:\/\/secure.gravatar.com\/avatar\/60aaed920de8bf037b3167ff36934c57b6d91c1daceade7b67502ed2a0a18b86?s=96&d=mm&r=g","contentUrl":"https:\/\/secure.gravatar.com\/avatar\/60aaed920de8bf037b3167ff36934c57b6d91c1daceade7b67502ed2a0a18b86?s=96&d=mm&r=g","caption":"Xavi Aranda"}}]}},"_links":{"self":[{"href":"https:\/\/torello.com\/en\/wp-json\/wp\/v2\/posts\/18426","targetHints":{"allow":["GET"]}}],"collection":[{"href":"https:\/\/torello.com\/en\/wp-json\/wp\/v2\/posts"}],"about":[{"href":"https:\/\/torello.com\/en\/wp-json\/wp\/v2\/types\/post"}],"author":[{"embeddable":true,"href":"https:\/\/torello.com\/en\/wp-json\/wp\/v2\/users\/6"}],"replies":[{"embeddable":true,"href":"https:\/\/torello.com\/en\/wp-json\/wp\/v2\/comments?post=18426"}],"version-history":[{"count":0,"href":"https:\/\/torello.com\/en\/wp-json\/wp\/v2\/posts\/18426\/revisions"}],"wp:featuredmedia":[{"embeddable":true,"href":"https:\/\/torello.com\/en\/wp-json\/wp\/v2\/media\/18421"}],"wp:attachment":[{"href":"https:\/\/torello.com\/en\/wp-json\/wp\/v2\/media?parent=18426"}],"wp:term":[{"taxonomy":"category","embeddable":true,"href":"https:\/\/torello.com\/en\/wp-json\/wp\/v2\/categories?post=18426"},{"taxonomy":"post_tag","embeddable":true,"href":"https:\/\/torello.com\/en\/wp-json\/wp\/v2\/tags?post=18426"}],"curies":[{"name":"wp","href":"https:\/\/api.w.org\/{rel}","templated":true}]}}