{"id":17744,"date":"2018-11-27T10:11:16","date_gmt":"2018-11-27T10:11:16","guid":{"rendered":"https:\/\/torello.com\/?p=17744"},"modified":"2023-11-17T11:04:48","modified_gmt":"2023-11-17T11:04:48","slug":"la-vendimia-2018-en-torello","status":"publish","type":"post","link":"https:\/\/torello.com\/es\/la-vendimia-2018-en-torello\/","title":{"rendered":"La vendimia 2018 en Torell\u00f3"},"content":{"rendered":"<div id=\"attachment_16754\" style=\"width: 310px\" class=\"wp-caption alignnone\"><img decoding=\"async\" aria-describedby=\"caption-attachment-16754\" class=\"size-full wp-image-16754\" src=\"https:\/\/torello.com\/wp-content\/uploads\/2023\/07\/veremaTORELLO20181-300x225-1.jpg\" alt=\"Paco de la Rosa Torell\u00f3 en la vendimia 2018\" width=\"300\" height=\"225\" srcset=\"https:\/\/torello.com\/wp-content\/uploads\/2023\/07\/veremaTORELLO20181-300x225-1-196x147.jpg 196w, https:\/\/torello.com\/wp-content\/uploads\/2023\/07\/veremaTORELLO20181-300x225-1-200x150.jpg 200w, https:\/\/torello.com\/wp-content\/uploads\/2023\/07\/veremaTORELLO20181-300x225-1.jpg 300w\" sizes=\"(max-width: 300px) 100vw, 300px\" \/><p id=\"caption-attachment-16754\" class=\"wp-caption-text\">Paco de la Rosa Torell\u00f3 en la vendimia 2018<\/p><\/div>\n<h2>La vendimia n\u00famero 66<\/h2>\n<p>La vendimia 2018 en Finca Can Mart\u00ed, marcando la n\u00famero 66 desde nuestra primera botella de Cava, se extendi\u00f3 por m\u00e1s de 30 d\u00edas, comenzando el 13 de agosto y finalizando el 27 de septiembre, con breves interrupciones debido a tormentas y la maduraci\u00f3n de algunas variedades.<\/p>\n<h2>Desaf\u00edos del Clima: Lluvias y el reto de la vendimia en la Finca Can Mart\u00ed<\/h2>\n<p>Este a\u00f1o ser\u00e1 recordado como el m\u00e1s lluvioso en nuestra memoria, con un retraso de 10 d\u00edas en la vendimia respecto al a\u00f1o anterior, acumulando 822 litros de lluvia por metro cuadrado de enero a septiembre de 2018 en nuestra finca.<\/p>\n<h2>Cultivo Sostenible: Vendimia Manual de las 11 Variedades Ecol\u00f3gicas<\/h2>\n<p>Las 11 varietales, cultivadas de manera ecol\u00f3gica, fueron meticulosamente vendimiadas a mano y transportadas r\u00e1pidamente a la bodega en remolques peque\u00f1os o cajas de 25 kg. A pesar de peque\u00f1os focos de Mildiu en las variedades m\u00e1s sensibles, la vendimia manual permiti\u00f3 una preselecci\u00f3n del racimo en la vi\u00f1a, afectando solo la producci\u00f3n, pero no la calidad.<\/p>\n<h2>Nuestra primera vendimia en Corpinnat, auditada por Bureau Veritas<\/h2>\n<p>Esta marca la primera vendimia desde que nos unimos a la Asociaci\u00f3n de Viticultores y Elaboradores Corpinnat (AVEC), auditada por Bureau Veritas.<\/p>\n<h2>Vinos de calidad: el equilibrio perfecto de la cosecha 2018 en la Finca Can Mart\u00ed<\/h2>\n<p>Los vinos resultantes de esta compleja cosecha climatol\u00f3gica se distinguen por un equilibrio sorprendente entre la acidez y el grado alcoh\u00f3lico, aspecto esencial para nuestros espumosos de larga crianza.<\/p>\n","protected":false},"excerpt":{"rendered":"<p>La vendimia n\u00famero 66 La vendimia 2018 en Finca Can Mart\u00ed, marcando la n\u00famero 66 desde nuestra primera botella de Cava, se extendi\u00f3 por m\u00e1s de 30 d\u00edas, comenzando el 13 de agosto y finalizando el 27 de septiembre, con breves interrupciones debido a tormentas y la maduraci\u00f3n de algunas variedades. Desaf\u00edos del Clima: Lluvias<\/p>\n","protected":false},"author":6,"featured_media":16754,"comment_status":"closed","ping_status":"closed","sticky":false,"template":"","format":"standard","meta":{"footnotes":""},"categories":[1018],"tags":[1026],"class_list":["post-17744","post","type-post","status-publish","format-standard","has-post-thumbnail","hentry","category-vendimia","tag-mildiu-es"],"yoast_head":"<!-- This site is optimized with the Yoast SEO plugin v26.7 - https:\/\/yoast.com\/wordpress\/plugins\/seo\/ -->\n<title>La vendimia 2018 en Torell\u00f3<\/title>\n<meta name=\"description\" content=\"Descubre la historia de la vendimia 2018 en la Finca Can Mart\u00ed, una tradici\u00f3n que celebra la n\u00famero 66 en la creaci\u00f3n de Vino Espumoso\" \/>\n<meta name=\"robots\" content=\"index, follow, max-snippet:-1, max-image-preview:large, max-video-preview:-1\" \/>\n<link rel=\"canonical\" href=\"https:\/\/torello.com\/es\/la-vendimia-2018-en-torello\/\" \/>\n<meta property=\"og:locale\" content=\"es_ES\" \/>\n<meta property=\"og:type\" content=\"article\" \/>\n<meta property=\"og:title\" content=\"La vendimia 2018 en Torell\u00f3\" \/>\n<meta property=\"og:description\" content=\"Descubre la historia de la vendimia 2018 en la Finca Can Mart\u00ed, una tradici\u00f3n que celebra la n\u00famero 66 en la creaci\u00f3n de Vino Espumoso\" \/>\n<meta property=\"og:url\" content=\"https:\/\/torello.com\/es\/la-vendimia-2018-en-torello\/\" \/>\n<meta property=\"og:site_name\" content=\"Torell\u00f3 Viticultors Grans escumosos i vins ecol\u00f2gics\" \/>\n<meta property=\"article:publisher\" content=\"https:\/\/www.facebook.com\/TorelloViticultors\/\" \/>\n<meta property=\"article:published_time\" content=\"2018-11-27T10:11:16+00:00\" \/>\n<meta property=\"article:modified_time\" content=\"2023-11-17T11:04:48+00:00\" \/>\n<meta property=\"og:image\" content=\"https:\/\/torello.com\/wp-content\/uploads\/2023\/07\/veremaTORELLO20181-300x225-1.jpg\" \/>\n\t<meta property=\"og:image:width\" content=\"300\" \/>\n\t<meta property=\"og:image:height\" content=\"225\" \/>\n\t<meta property=\"og:image:type\" content=\"image\/jpeg\" \/>\n<meta name=\"author\" content=\"Xavi Aranda\" \/>\n<meta name=\"twitter:card\" content=\"summary_large_image\" \/>\n<meta name=\"twitter:creator\" content=\"@TorelloViticult\" \/>\n<meta name=\"twitter:site\" content=\"@TorelloViticult\" \/>\n<meta name=\"twitter:label1\" content=\"Escrito por\" \/>\n\t<meta name=\"twitter:data1\" content=\"Xavi Aranda\" \/>\n\t<meta name=\"twitter:label2\" content=\"Tiempo de lectura\" \/>\n\t<meta name=\"twitter:data2\" content=\"2 minutos\" \/>\n<script type=\"application\/ld+json\" class=\"yoast-schema-graph\">{\"@context\":\"https:\/\/schema.org\",\"@graph\":[{\"@type\":\"Article\",\"@id\":\"https:\/\/torello.com\/es\/la-vendimia-2018-en-torello\/#article\",\"isPartOf\":{\"@id\":\"https:\/\/torello.com\/es\/la-vendimia-2018-en-torello\/\"},\"author\":{\"name\":\"Xavi Aranda\",\"@id\":\"https:\/\/torello.com\/es\/#\/schema\/person\/af0430a2b2d6328b7c5326d55829e8e5\"},\"headline\":\"La vendimia 2018 en Torell\u00f3\",\"datePublished\":\"2018-11-27T10:11:16+00:00\",\"dateModified\":\"2023-11-17T11:04:48+00:00\",\"mainEntityOfPage\":{\"@id\":\"https:\/\/torello.com\/es\/la-vendimia-2018-en-torello\/\"},\"wordCount\":276,\"publisher\":{\"@id\":\"https:\/\/torello.com\/es\/#organization\"},\"image\":{\"@id\":\"https:\/\/torello.com\/es\/la-vendimia-2018-en-torello\/#primaryimage\"},\"thumbnailUrl\":\"https:\/\/torello.com\/wp-content\/uploads\/2023\/07\/veremaTORELLO20181-300x225-1.jpg\",\"keywords\":[\"mildiu\"],\"articleSection\":[\"Vend\u00edmia\"],\"inLanguage\":\"es\"},{\"@type\":\"WebPage\",\"@id\":\"https:\/\/torello.com\/es\/la-vendimia-2018-en-torello\/\",\"url\":\"https:\/\/torello.com\/es\/la-vendimia-2018-en-torello\/\",\"name\":\"La vendimia 2018 en Torell\u00f3\",\"isPartOf\":{\"@id\":\"https:\/\/torello.com\/es\/#website\"},\"primaryImageOfPage\":{\"@id\":\"https:\/\/torello.com\/es\/la-vendimia-2018-en-torello\/#primaryimage\"},\"image\":{\"@id\":\"https:\/\/torello.com\/es\/la-vendimia-2018-en-torello\/#primaryimage\"},\"thumbnailUrl\":\"https:\/\/torello.com\/wp-content\/uploads\/2023\/07\/veremaTORELLO20181-300x225-1.jpg\",\"datePublished\":\"2018-11-27T10:11:16+00:00\",\"dateModified\":\"2023-11-17T11:04:48+00:00\",\"description\":\"Descubre la historia de la vendimia 2018 en la Finca Can Mart\u00ed, una tradici\u00f3n que celebra la n\u00famero 66 en la creaci\u00f3n de Vino Espumoso\",\"breadcrumb\":{\"@id\":\"https:\/\/torello.com\/es\/la-vendimia-2018-en-torello\/#breadcrumb\"},\"inLanguage\":\"es\",\"potentialAction\":[{\"@type\":\"ReadAction\",\"target\":[\"https:\/\/torello.com\/es\/la-vendimia-2018-en-torello\/\"]}]},{\"@type\":\"ImageObject\",\"inLanguage\":\"es\",\"@id\":\"https:\/\/torello.com\/es\/la-vendimia-2018-en-torello\/#primaryimage\",\"url\":\"https:\/\/torello.com\/wp-content\/uploads\/2023\/07\/veremaTORELLO20181-300x225-1.jpg\",\"contentUrl\":\"https:\/\/torello.com\/wp-content\/uploads\/2023\/07\/veremaTORELLO20181-300x225-1.jpg\",\"width\":300,\"height\":225,\"caption\":\"Paco de la Rosa Torell\u00f3 en la vendimia 2018\"},{\"@type\":\"BreadcrumbList\",\"@id\":\"https:\/\/torello.com\/es\/la-vendimia-2018-en-torello\/#breadcrumb\",\"itemListElement\":[{\"@type\":\"ListItem\",\"position\":1,\"name\":\"Inici\",\"item\":\"https:\/\/torello.com\/es\/\"},{\"@type\":\"ListItem\",\"position\":2,\"name\":\"La vendimia 2018 en Torell\u00f3\"}]},{\"@type\":\"WebSite\",\"@id\":\"https:\/\/torello.com\/es\/#website\",\"url\":\"https:\/\/torello.com\/es\/\",\"name\":\"Torell\u00f3 Viticultors Grans escumosos i vins ecol\u00f2gics\",\"description\":\"Bodega familiar situada en el Pened\u00e9s, l\u00edder en la elaboraci\u00f3n de Cava y vinos, s\u00f3lo utiliza uva cultivada en su finca Can Mart\u00ed.\",\"publisher\":{\"@id\":\"https:\/\/torello.com\/es\/#organization\"},\"potentialAction\":[{\"@type\":\"SearchAction\",\"target\":{\"@type\":\"EntryPoint\",\"urlTemplate\":\"https:\/\/torello.com\/es\/?s={search_term_string}\"},\"query-input\":{\"@type\":\"PropertyValueSpecification\",\"valueRequired\":true,\"valueName\":\"search_term_string\"}}],\"inLanguage\":\"es\"},{\"@type\":\"Organization\",\"@id\":\"https:\/\/torello.com\/es\/#organization\",\"name\":\"Torell\u00f3 espumosos y vinos ecol\u00f3gicos\",\"url\":\"https:\/\/torello.com\/es\/\",\"logo\":{\"@type\":\"ImageObject\",\"inLanguage\":\"es\",\"@id\":\"https:\/\/torello.com\/es\/#\/schema\/logo\/image\/\",\"url\":\"https:\/\/torello.com\/wp-content\/uploads\/2020\/02\/TORELLO_LOGO_4.png\",\"contentUrl\":\"https:\/\/torello.com\/wp-content\/uploads\/2020\/02\/TORELLO_LOGO_4.png\",\"width\":278,\"height\":140,\"caption\":\"Torell\u00f3 espumosos y vinos ecol\u00f3gicos\"},\"image\":{\"@id\":\"https:\/\/torello.com\/es\/#\/schema\/logo\/image\/\"},\"sameAs\":[\"https:\/\/www.facebook.com\/TorelloViticultors\/\",\"https:\/\/x.com\/TorelloViticult\",\"https:\/\/www.instagram.com\/torelloviticultors\/\",\"https:\/\/www.youtube.com\/user\/Torello57\"]},{\"@type\":\"Person\",\"@id\":\"https:\/\/torello.com\/es\/#\/schema\/person\/af0430a2b2d6328b7c5326d55829e8e5\",\"name\":\"Xavi Aranda\",\"image\":{\"@type\":\"ImageObject\",\"inLanguage\":\"es\",\"@id\":\"https:\/\/torello.com\/es\/#\/schema\/person\/image\/\",\"url\":\"https:\/\/secure.gravatar.com\/avatar\/60aaed920de8bf037b3167ff36934c57b6d91c1daceade7b67502ed2a0a18b86?s=96&d=mm&r=g\",\"contentUrl\":\"https:\/\/secure.gravatar.com\/avatar\/60aaed920de8bf037b3167ff36934c57b6d91c1daceade7b67502ed2a0a18b86?s=96&d=mm&r=g\",\"caption\":\"Xavi Aranda\"}}]}<\/script>\n<!-- \/ Yoast SEO plugin. -->","yoast_head_json":{"title":"La vendimia 2018 en Torell\u00f3","description":"Descubre la historia de la vendimia 2018 en la Finca Can Mart\u00ed, una tradici\u00f3n que celebra la n\u00famero 66 en la creaci\u00f3n de Vino Espumoso","robots":{"index":"index","follow":"follow","max-snippet":"max-snippet:-1","max-image-preview":"max-image-preview:large","max-video-preview":"max-video-preview:-1"},"canonical":"https:\/\/torello.com\/es\/la-vendimia-2018-en-torello\/","og_locale":"es_ES","og_type":"article","og_title":"La vendimia 2018 en Torell\u00f3","og_description":"Descubre la historia de la vendimia 2018 en la Finca Can Mart\u00ed, una tradici\u00f3n que celebra la n\u00famero 66 en la creaci\u00f3n de Vino Espumoso","og_url":"https:\/\/torello.com\/es\/la-vendimia-2018-en-torello\/","og_site_name":"Torell\u00f3 Viticultors Grans escumosos i vins ecol\u00f2gics","article_publisher":"https:\/\/www.facebook.com\/TorelloViticultors\/","article_published_time":"2018-11-27T10:11:16+00:00","article_modified_time":"2023-11-17T11:04:48+00:00","og_image":[{"width":300,"height":225,"url":"https:\/\/torello.com\/wp-content\/uploads\/2023\/07\/veremaTORELLO20181-300x225-1.jpg","type":"image\/jpeg"}],"author":"Xavi Aranda","twitter_card":"summary_large_image","twitter_creator":"@TorelloViticult","twitter_site":"@TorelloViticult","twitter_misc":{"Escrito por":"Xavi Aranda","Tiempo de lectura":"2 minutos"},"schema":{"@context":"https:\/\/schema.org","@graph":[{"@type":"Article","@id":"https:\/\/torello.com\/es\/la-vendimia-2018-en-torello\/#article","isPartOf":{"@id":"https:\/\/torello.com\/es\/la-vendimia-2018-en-torello\/"},"author":{"name":"Xavi Aranda","@id":"https:\/\/torello.com\/es\/#\/schema\/person\/af0430a2b2d6328b7c5326d55829e8e5"},"headline":"La vendimia 2018 en Torell\u00f3","datePublished":"2018-11-27T10:11:16+00:00","dateModified":"2023-11-17T11:04:48+00:00","mainEntityOfPage":{"@id":"https:\/\/torello.com\/es\/la-vendimia-2018-en-torello\/"},"wordCount":276,"publisher":{"@id":"https:\/\/torello.com\/es\/#organization"},"image":{"@id":"https:\/\/torello.com\/es\/la-vendimia-2018-en-torello\/#primaryimage"},"thumbnailUrl":"https:\/\/torello.com\/wp-content\/uploads\/2023\/07\/veremaTORELLO20181-300x225-1.jpg","keywords":["mildiu"],"articleSection":["Vend\u00edmia"],"inLanguage":"es"},{"@type":"WebPage","@id":"https:\/\/torello.com\/es\/la-vendimia-2018-en-torello\/","url":"https:\/\/torello.com\/es\/la-vendimia-2018-en-torello\/","name":"La vendimia 2018 en Torell\u00f3","isPartOf":{"@id":"https:\/\/torello.com\/es\/#website"},"primaryImageOfPage":{"@id":"https:\/\/torello.com\/es\/la-vendimia-2018-en-torello\/#primaryimage"},"image":{"@id":"https:\/\/torello.com\/es\/la-vendimia-2018-en-torello\/#primaryimage"},"thumbnailUrl":"https:\/\/torello.com\/wp-content\/uploads\/2023\/07\/veremaTORELLO20181-300x225-1.jpg","datePublished":"2018-11-27T10:11:16+00:00","dateModified":"2023-11-17T11:04:48+00:00","description":"Descubre la historia de la vendimia 2018 en la Finca Can Mart\u00ed, una tradici\u00f3n que celebra la n\u00famero 66 en la creaci\u00f3n de Vino Espumoso","breadcrumb":{"@id":"https:\/\/torello.com\/es\/la-vendimia-2018-en-torello\/#breadcrumb"},"inLanguage":"es","potentialAction":[{"@type":"ReadAction","target":["https:\/\/torello.com\/es\/la-vendimia-2018-en-torello\/"]}]},{"@type":"ImageObject","inLanguage":"es","@id":"https:\/\/torello.com\/es\/la-vendimia-2018-en-torello\/#primaryimage","url":"https:\/\/torello.com\/wp-content\/uploads\/2023\/07\/veremaTORELLO20181-300x225-1.jpg","contentUrl":"https:\/\/torello.com\/wp-content\/uploads\/2023\/07\/veremaTORELLO20181-300x225-1.jpg","width":300,"height":225,"caption":"Paco de la Rosa Torell\u00f3 en la vendimia 2018"},{"@type":"BreadcrumbList","@id":"https:\/\/torello.com\/es\/la-vendimia-2018-en-torello\/#breadcrumb","itemListElement":[{"@type":"ListItem","position":1,"name":"Inici","item":"https:\/\/torello.com\/es\/"},{"@type":"ListItem","position":2,"name":"La vendimia 2018 en Torell\u00f3"}]},{"@type":"WebSite","@id":"https:\/\/torello.com\/es\/#website","url":"https:\/\/torello.com\/es\/","name":"Torell\u00f3 Viticultors Grans escumosos i vins ecol\u00f2gics","description":"Bodega familiar situada en el Pened\u00e9s, l\u00edder en la elaboraci\u00f3n de Cava y vinos, s\u00f3lo utiliza uva cultivada en su finca Can Mart\u00ed.","publisher":{"@id":"https:\/\/torello.com\/es\/#organization"},"potentialAction":[{"@type":"SearchAction","target":{"@type":"EntryPoint","urlTemplate":"https:\/\/torello.com\/es\/?s={search_term_string}"},"query-input":{"@type":"PropertyValueSpecification","valueRequired":true,"valueName":"search_term_string"}}],"inLanguage":"es"},{"@type":"Organization","@id":"https:\/\/torello.com\/es\/#organization","name":"Torell\u00f3 espumosos y vinos ecol\u00f3gicos","url":"https:\/\/torello.com\/es\/","logo":{"@type":"ImageObject","inLanguage":"es","@id":"https:\/\/torello.com\/es\/#\/schema\/logo\/image\/","url":"https:\/\/torello.com\/wp-content\/uploads\/2020\/02\/TORELLO_LOGO_4.png","contentUrl":"https:\/\/torello.com\/wp-content\/uploads\/2020\/02\/TORELLO_LOGO_4.png","width":278,"height":140,"caption":"Torell\u00f3 espumosos y vinos ecol\u00f3gicos"},"image":{"@id":"https:\/\/torello.com\/es\/#\/schema\/logo\/image\/"},"sameAs":["https:\/\/www.facebook.com\/TorelloViticultors\/","https:\/\/x.com\/TorelloViticult","https:\/\/www.instagram.com\/torelloviticultors\/","https:\/\/www.youtube.com\/user\/Torello57"]},{"@type":"Person","@id":"https:\/\/torello.com\/es\/#\/schema\/person\/af0430a2b2d6328b7c5326d55829e8e5","name":"Xavi Aranda","image":{"@type":"ImageObject","inLanguage":"es","@id":"https:\/\/torello.com\/es\/#\/schema\/person\/image\/","url":"https:\/\/secure.gravatar.com\/avatar\/60aaed920de8bf037b3167ff36934c57b6d91c1daceade7b67502ed2a0a18b86?s=96&d=mm&r=g","contentUrl":"https:\/\/secure.gravatar.com\/avatar\/60aaed920de8bf037b3167ff36934c57b6d91c1daceade7b67502ed2a0a18b86?s=96&d=mm&r=g","caption":"Xavi Aranda"}}]}},"_links":{"self":[{"href":"https:\/\/torello.com\/es\/wp-json\/wp\/v2\/posts\/17744","targetHints":{"allow":["GET"]}}],"collection":[{"href":"https:\/\/torello.com\/es\/wp-json\/wp\/v2\/posts"}],"about":[{"href":"https:\/\/torello.com\/es\/wp-json\/wp\/v2\/types\/post"}],"author":[{"embeddable":true,"href":"https:\/\/torello.com\/es\/wp-json\/wp\/v2\/users\/6"}],"replies":[{"embeddable":true,"href":"https:\/\/torello.com\/es\/wp-json\/wp\/v2\/comments?post=17744"}],"version-history":[{"count":0,"href":"https:\/\/torello.com\/es\/wp-json\/wp\/v2\/posts\/17744\/revisions"}],"wp:featuredmedia":[{"embeddable":true,"href":"https:\/\/torello.com\/es\/wp-json\/wp\/v2\/media\/16754"}],"wp:attachment":[{"href":"https:\/\/torello.com\/es\/wp-json\/wp\/v2\/media?parent=17744"}],"wp:term":[{"taxonomy":"category","embeddable":true,"href":"https:\/\/torello.com\/es\/wp-json\/wp\/v2\/categories?post=17744"},{"taxonomy":"post_tag","embeddable":true,"href":"https:\/\/torello.com\/es\/wp-json\/wp\/v2\/tags?post=17744"}],"curies":[{"name":"wp","href":"https:\/\/api.w.org\/{rel}","templated":true}]}}