{"id":21726,"date":"2020-11-16T14:10:17","date_gmt":"2020-11-16T14:10:17","guid":{"rendered":"https:\/\/torello.com\/?p=21726"},"modified":"2025-02-24T14:18:03","modified_gmt":"2025-02-24T14:18:03","slug":"torello-cata-vertical","status":"publish","type":"post","link":"https:\/\/torello.com\/es\/torello-cata-vertical\/","title":{"rendered":"Torell\u00f3 \u00abCata Vertical\u00bb"},"content":{"rendered":"<p>Acaba de salir al mercado uno de los proyectos m\u00e1s especiales de Torell\u00f3. Se trata de los estuches \u201cCata Vertical\u201d, en versi\u00f3n Torell\u00f3 225 y Finca Can Mart\u00ed.<\/p>\n<div id=\"attachment_21724\" style=\"width: 1034px\" class=\"wp-caption alignnone\"><img decoding=\"async\" aria-describedby=\"caption-attachment-21724\" class=\"wp-image-21724 size-large\" src=\"https:\/\/torello.com\/wp-content\/uploads\/2020\/11\/DSC_1296-1-1024x731.jpg\" alt=\"Cata vertical Torell\u00f3 Finca Can Mart\u00ed\" width=\"1024\" height=\"731\" srcset=\"https:\/\/torello.com\/wp-content\/uploads\/2020\/11\/DSC_1296-1-196x140.jpg 196w, https:\/\/torello.com\/wp-content\/uploads\/2020\/11\/DSC_1296-1-200x143.jpg 200w, https:\/\/torello.com\/wp-content\/uploads\/2020\/11\/DSC_1296-1-300x214.jpg 300w, https:\/\/torello.com\/wp-content\/uploads\/2020\/11\/DSC_1296-1-400x286.jpg 400w, https:\/\/torello.com\/wp-content\/uploads\/2020\/11\/DSC_1296-1-500x357.jpg 500w, https:\/\/torello.com\/wp-content\/uploads\/2020\/11\/DSC_1296-1-600x429.jpg 600w, https:\/\/torello.com\/wp-content\/uploads\/2020\/11\/DSC_1296-1-700x500.jpg 700w, https:\/\/torello.com\/wp-content\/uploads\/2020\/11\/DSC_1296-1-768x548.jpg 768w, https:\/\/torello.com\/wp-content\/uploads\/2020\/11\/DSC_1296-1-800x571.jpg 800w, https:\/\/torello.com\/wp-content\/uploads\/2020\/11\/DSC_1296-1-1024x731.jpg 1024w, https:\/\/torello.com\/wp-content\/uploads\/2020\/11\/DSC_1296-1-1200x857.jpg 1200w, https:\/\/torello.com\/wp-content\/uploads\/2020\/11\/DSC_1296-1-1536x1097.jpg 1536w\" sizes=\"(max-width: 1024px) 100vw, 1024px\" \/><p id=\"caption-attachment-21724\" class=\"wp-caption-text\">Cata vertical Torell\u00f3 Finca Can Mart\u00ed<\/p><\/div>\n<p>De nuestra enoteca particular hemos seleccionado las a\u00f1adas m\u00e1s interesantes de dos de nuestros espumosos <a href=\"https:\/\/www.corpinnat.com\/es\/\" target=\"_blank\" rel=\"noopener\">Corpinnat<\/a> y hemos puesto un ejemplar en cada caja. De esta manera, en cada estuche de madera \u201cCata Vertical\u201d se podr\u00e1n catar las tres a\u00f1adas diferentes del mismo vino espumoso, lo que permite ver c\u00f3mo se expresa en la copa el paso del tiempo. As\u00ed, cada persona puede disfrutar de las particularidades que definen cada cosecha y sentir como \u00e9sta se refleja en el vino espumoso.<\/p>\n<p>Este nuevo proyecto empieza con dos versiones, una dedicada al Torell\u00f3 225 &#8211; con las a\u00f1adas 2010, 2012 y 2014 \u2013 y otra con tres a\u00f1adas del <a href=\"https:\/\/torello.com\/es\/vinos-espumosos-corpinnat\/vino-espumoso-torello-finca-can-marti\/\">Finca Can Mart\u00ed<\/a> &#8211; en su caso, con el 2012, 2013 y 2014 -.<\/p>\n<p>Todos los estuches vienen acompa\u00f1ados de una peque\u00f1a presentaci\u00f3n del proyecto y una descripci\u00f3n de las cosechas de los diferentes a\u00f1os, para que quienes los degustan puedan acompa\u00f1arse de las explicaciones. \u00bfC\u00f3mo afectan los a\u00f1os c\u00e1lidos a la cosecha? \u00bfY las primaveras lluviosas? \u00bfCon qu\u00e9 maridan mejor?<\/p>\n<p>Con estas catas verticales esperamos contentar a todos aquellos que disfrutan de los matices de los espumosos de larga crianza. Todo un viaje hacia los sentidos, los recuerdos y las sensaciones.<\/p>\n","protected":false},"excerpt":{"rendered":"<p>Acaba de salir al mercado uno de los proyectos m\u00e1s especiales de Torell\u00f3. Se trata de los estuches \u201cCata Vertical\u201d, en versi\u00f3n Torell\u00f3 225 y Finca Can Mart\u00ed. De nuestra enoteca particular hemos seleccionado las a\u00f1adas m\u00e1s interesantes de dos de nuestros espumosos Corpinnat y hemos puesto un ejemplar en cada caja. De esta manera,<\/p>\n","protected":false},"author":6,"featured_media":21724,"comment_status":"closed","ping_status":"closed","sticky":false,"template":"","format":"standard","meta":{"footnotes":""},"categories":[1267],"tags":[1124,988,1177],"class_list":["post-21726","post","type-post","status-publish","format-standard","has-post-thumbnail","hentry","category-vino-espumoso-corpinnat","tag-brut-es","tag-brut-nature-es","tag-torello-225-es"],"yoast_head":"<!-- This site is optimized with the Yoast SEO plugin v26.7 - https:\/\/yoast.com\/wordpress\/plugins\/seo\/ -->\n<title>Torell\u00f3 &quot;Cata Vertical&quot; | Torell\u00f3 Viticultors Grans escumosos i vins ecol\u00f2gics<\/title>\n<meta name=\"description\" content=\"Torell\u00f3 &quot;Cata Vertical&quot;. Acaba de salir al mercado uno de los proyectos m\u00e1s especiales de Torell\u00f3. Se trata de los estuches...\" \/>\n<meta name=\"robots\" content=\"index, follow, max-snippet:-1, max-image-preview:large, max-video-preview:-1\" \/>\n<link rel=\"canonical\" href=\"https:\/\/torello.com\/es\/torello-cata-vertical\/\" \/>\n<meta property=\"og:locale\" content=\"es_ES\" \/>\n<meta property=\"og:type\" content=\"article\" \/>\n<meta property=\"og:title\" content=\"Torell\u00f3 &quot;Cata Vertical&quot; | Torell\u00f3 Viticultors Grans escumosos i vins ecol\u00f2gics\" \/>\n<meta property=\"og:description\" content=\"Torell\u00f3 &quot;Cata Vertical&quot;. Acaba de salir al mercado uno de los proyectos m\u00e1s especiales de Torell\u00f3. Se trata de los estuches...\" \/>\n<meta property=\"og:url\" content=\"https:\/\/torello.com\/es\/torello-cata-vertical\/\" \/>\n<meta property=\"og:site_name\" content=\"Torell\u00f3 Viticultors Grans escumosos i vins ecol\u00f2gics\" \/>\n<meta property=\"article:publisher\" content=\"https:\/\/www.facebook.com\/TorelloViticultors\/\" \/>\n<meta property=\"article:published_time\" content=\"2020-11-16T14:10:17+00:00\" \/>\n<meta property=\"article:modified_time\" content=\"2025-02-24T14:18:03+00:00\" \/>\n<meta property=\"og:image\" content=\"https:\/\/torello.com\/wp-content\/uploads\/2020\/11\/DSC_1296-1-scaled.jpg\" \/>\n\t<meta property=\"og:image:width\" content=\"2560\" \/>\n\t<meta property=\"og:image:height\" content=\"1828\" \/>\n\t<meta property=\"og:image:type\" content=\"image\/jpeg\" \/>\n<meta name=\"author\" content=\"Xavi Aranda\" \/>\n<meta name=\"twitter:card\" content=\"summary_large_image\" \/>\n<meta name=\"twitter:creator\" content=\"@TorelloViticult\" \/>\n<meta name=\"twitter:site\" content=\"@TorelloViticult\" \/>\n<meta name=\"twitter:label1\" content=\"Escrito por\" \/>\n\t<meta name=\"twitter:data1\" content=\"Xavi Aranda\" \/>\n\t<meta name=\"twitter:label2\" content=\"Tiempo de lectura\" \/>\n\t<meta name=\"twitter:data2\" content=\"1 minuto\" \/>\n<script type=\"application\/ld+json\" class=\"yoast-schema-graph\">{\"@context\":\"https:\/\/schema.org\",\"@graph\":[{\"@type\":\"Article\",\"@id\":\"https:\/\/torello.com\/es\/torello-cata-vertical\/#article\",\"isPartOf\":{\"@id\":\"https:\/\/torello.com\/es\/torello-cata-vertical\/\"},\"author\":{\"name\":\"Xavi Aranda\",\"@id\":\"https:\/\/torello.com\/es\/#\/schema\/person\/af0430a2b2d6328b7c5326d55829e8e5\"},\"headline\":\"Torell\u00f3 \u00abCata Vertical\u00bb\",\"datePublished\":\"2020-11-16T14:10:17+00:00\",\"dateModified\":\"2025-02-24T14:18:03+00:00\",\"mainEntityOfPage\":{\"@id\":\"https:\/\/torello.com\/es\/torello-cata-vertical\/\"},\"wordCount\":253,\"publisher\":{\"@id\":\"https:\/\/torello.com\/es\/#organization\"},\"image\":{\"@id\":\"https:\/\/torello.com\/es\/torello-cata-vertical\/#primaryimage\"},\"thumbnailUrl\":\"https:\/\/torello.com\/wp-content\/uploads\/2020\/11\/DSC_1296-1-scaled.jpg\",\"keywords\":[\"Brut\",\"Brut nature\",\"Torell\u00f3 225\"],\"articleSection\":[\"Vino espumoso Corpinnat\"],\"inLanguage\":\"es\"},{\"@type\":\"WebPage\",\"@id\":\"https:\/\/torello.com\/es\/torello-cata-vertical\/\",\"url\":\"https:\/\/torello.com\/es\/torello-cata-vertical\/\",\"name\":\"Torell\u00f3 \\\"Cata Vertical\\\" | Torell\u00f3 Viticultors Grans escumosos i vins ecol\u00f2gics\",\"isPartOf\":{\"@id\":\"https:\/\/torello.com\/es\/#website\"},\"primaryImageOfPage\":{\"@id\":\"https:\/\/torello.com\/es\/torello-cata-vertical\/#primaryimage\"},\"image\":{\"@id\":\"https:\/\/torello.com\/es\/torello-cata-vertical\/#primaryimage\"},\"thumbnailUrl\":\"https:\/\/torello.com\/wp-content\/uploads\/2020\/11\/DSC_1296-1-scaled.jpg\",\"datePublished\":\"2020-11-16T14:10:17+00:00\",\"dateModified\":\"2025-02-24T14:18:03+00:00\",\"description\":\"Torell\u00f3 \\\"Cata Vertical\\\". Acaba de salir al mercado uno de los proyectos m\u00e1s especiales de Torell\u00f3. Se trata de los estuches...\",\"breadcrumb\":{\"@id\":\"https:\/\/torello.com\/es\/torello-cata-vertical\/#breadcrumb\"},\"inLanguage\":\"es\",\"potentialAction\":[{\"@type\":\"ReadAction\",\"target\":[\"https:\/\/torello.com\/es\/torello-cata-vertical\/\"]}]},{\"@type\":\"ImageObject\",\"inLanguage\":\"es\",\"@id\":\"https:\/\/torello.com\/es\/torello-cata-vertical\/#primaryimage\",\"url\":\"https:\/\/torello.com\/wp-content\/uploads\/2020\/11\/DSC_1296-1-scaled.jpg\",\"contentUrl\":\"https:\/\/torello.com\/wp-content\/uploads\/2020\/11\/DSC_1296-1-scaled.jpg\",\"width\":2560,\"height\":1828,\"caption\":\"Cata vertical Torell\u00f3 Finca Can Mart\u00ed\"},{\"@type\":\"BreadcrumbList\",\"@id\":\"https:\/\/torello.com\/es\/torello-cata-vertical\/#breadcrumb\",\"itemListElement\":[{\"@type\":\"ListItem\",\"position\":1,\"name\":\"Inici\",\"item\":\"https:\/\/torello.com\/es\/\"},{\"@type\":\"ListItem\",\"position\":2,\"name\":\"Torell\u00f3 &#8220;Cata Vertical&#8221;\"}]},{\"@type\":\"WebSite\",\"@id\":\"https:\/\/torello.com\/es\/#website\",\"url\":\"https:\/\/torello.com\/es\/\",\"name\":\"Torell\u00f3 Viticultors Grans escumosos i vins ecol\u00f2gics\",\"description\":\"Bodega familiar situada en el Pened\u00e9s, l\u00edder en la elaboraci\u00f3n de Cava y vinos, s\u00f3lo utiliza uva cultivada en su finca Can Mart\u00ed.\",\"publisher\":{\"@id\":\"https:\/\/torello.com\/es\/#organization\"},\"potentialAction\":[{\"@type\":\"SearchAction\",\"target\":{\"@type\":\"EntryPoint\",\"urlTemplate\":\"https:\/\/torello.com\/es\/?s={search_term_string}\"},\"query-input\":{\"@type\":\"PropertyValueSpecification\",\"valueRequired\":true,\"valueName\":\"search_term_string\"}}],\"inLanguage\":\"es\"},{\"@type\":\"Organization\",\"@id\":\"https:\/\/torello.com\/es\/#organization\",\"name\":\"Torell\u00f3 espumosos y vinos ecol\u00f3gicos\",\"url\":\"https:\/\/torello.com\/es\/\",\"logo\":{\"@type\":\"ImageObject\",\"inLanguage\":\"es\",\"@id\":\"https:\/\/torello.com\/es\/#\/schema\/logo\/image\/\",\"url\":\"https:\/\/torello.com\/wp-content\/uploads\/2020\/02\/TORELLO_LOGO_4.png\",\"contentUrl\":\"https:\/\/torello.com\/wp-content\/uploads\/2020\/02\/TORELLO_LOGO_4.png\",\"width\":278,\"height\":140,\"caption\":\"Torell\u00f3 espumosos y vinos ecol\u00f3gicos\"},\"image\":{\"@id\":\"https:\/\/torello.com\/es\/#\/schema\/logo\/image\/\"},\"sameAs\":[\"https:\/\/www.facebook.com\/TorelloViticultors\/\",\"https:\/\/x.com\/TorelloViticult\",\"https:\/\/www.instagram.com\/torelloviticultors\/\",\"https:\/\/www.youtube.com\/user\/Torello57\"]},{\"@type\":\"Person\",\"@id\":\"https:\/\/torello.com\/es\/#\/schema\/person\/af0430a2b2d6328b7c5326d55829e8e5\",\"name\":\"Xavi Aranda\",\"image\":{\"@type\":\"ImageObject\",\"inLanguage\":\"es\",\"@id\":\"https:\/\/torello.com\/es\/#\/schema\/person\/image\/\",\"url\":\"https:\/\/secure.gravatar.com\/avatar\/60aaed920de8bf037b3167ff36934c57b6d91c1daceade7b67502ed2a0a18b86?s=96&d=mm&r=g\",\"contentUrl\":\"https:\/\/secure.gravatar.com\/avatar\/60aaed920de8bf037b3167ff36934c57b6d91c1daceade7b67502ed2a0a18b86?s=96&d=mm&r=g\",\"caption\":\"Xavi Aranda\"}}]}<\/script>\n<!-- \/ Yoast SEO plugin. -->","yoast_head_json":{"title":"Torell\u00f3 \"Cata Vertical\" | Torell\u00f3 Viticultors Grans escumosos i vins ecol\u00f2gics","description":"Torell\u00f3 \"Cata Vertical\". Acaba de salir al mercado uno de los proyectos m\u00e1s especiales de Torell\u00f3. Se trata de los estuches...","robots":{"index":"index","follow":"follow","max-snippet":"max-snippet:-1","max-image-preview":"max-image-preview:large","max-video-preview":"max-video-preview:-1"},"canonical":"https:\/\/torello.com\/es\/torello-cata-vertical\/","og_locale":"es_ES","og_type":"article","og_title":"Torell\u00f3 \"Cata Vertical\" | Torell\u00f3 Viticultors Grans escumosos i vins ecol\u00f2gics","og_description":"Torell\u00f3 \"Cata Vertical\". Acaba de salir al mercado uno de los proyectos m\u00e1s especiales de Torell\u00f3. Se trata de los estuches...","og_url":"https:\/\/torello.com\/es\/torello-cata-vertical\/","og_site_name":"Torell\u00f3 Viticultors Grans escumosos i vins ecol\u00f2gics","article_publisher":"https:\/\/www.facebook.com\/TorelloViticultors\/","article_published_time":"2020-11-16T14:10:17+00:00","article_modified_time":"2025-02-24T14:18:03+00:00","og_image":[{"width":2560,"height":1828,"url":"https:\/\/torello.com\/wp-content\/uploads\/2020\/11\/DSC_1296-1-scaled.jpg","type":"image\/jpeg"}],"author":"Xavi Aranda","twitter_card":"summary_large_image","twitter_creator":"@TorelloViticult","twitter_site":"@TorelloViticult","twitter_misc":{"Escrito por":"Xavi Aranda","Tiempo de lectura":"1 minuto"},"schema":{"@context":"https:\/\/schema.org","@graph":[{"@type":"Article","@id":"https:\/\/torello.com\/es\/torello-cata-vertical\/#article","isPartOf":{"@id":"https:\/\/torello.com\/es\/torello-cata-vertical\/"},"author":{"name":"Xavi Aranda","@id":"https:\/\/torello.com\/es\/#\/schema\/person\/af0430a2b2d6328b7c5326d55829e8e5"},"headline":"Torell\u00f3 \u00abCata Vertical\u00bb","datePublished":"2020-11-16T14:10:17+00:00","dateModified":"2025-02-24T14:18:03+00:00","mainEntityOfPage":{"@id":"https:\/\/torello.com\/es\/torello-cata-vertical\/"},"wordCount":253,"publisher":{"@id":"https:\/\/torello.com\/es\/#organization"},"image":{"@id":"https:\/\/torello.com\/es\/torello-cata-vertical\/#primaryimage"},"thumbnailUrl":"https:\/\/torello.com\/wp-content\/uploads\/2020\/11\/DSC_1296-1-scaled.jpg","keywords":["Brut","Brut nature","Torell\u00f3 225"],"articleSection":["Vino espumoso Corpinnat"],"inLanguage":"es"},{"@type":"WebPage","@id":"https:\/\/torello.com\/es\/torello-cata-vertical\/","url":"https:\/\/torello.com\/es\/torello-cata-vertical\/","name":"Torell\u00f3 \"Cata Vertical\" | Torell\u00f3 Viticultors Grans escumosos i vins ecol\u00f2gics","isPartOf":{"@id":"https:\/\/torello.com\/es\/#website"},"primaryImageOfPage":{"@id":"https:\/\/torello.com\/es\/torello-cata-vertical\/#primaryimage"},"image":{"@id":"https:\/\/torello.com\/es\/torello-cata-vertical\/#primaryimage"},"thumbnailUrl":"https:\/\/torello.com\/wp-content\/uploads\/2020\/11\/DSC_1296-1-scaled.jpg","datePublished":"2020-11-16T14:10:17+00:00","dateModified":"2025-02-24T14:18:03+00:00","description":"Torell\u00f3 \"Cata Vertical\". Acaba de salir al mercado uno de los proyectos m\u00e1s especiales de Torell\u00f3. Se trata de los estuches...","breadcrumb":{"@id":"https:\/\/torello.com\/es\/torello-cata-vertical\/#breadcrumb"},"inLanguage":"es","potentialAction":[{"@type":"ReadAction","target":["https:\/\/torello.com\/es\/torello-cata-vertical\/"]}]},{"@type":"ImageObject","inLanguage":"es","@id":"https:\/\/torello.com\/es\/torello-cata-vertical\/#primaryimage","url":"https:\/\/torello.com\/wp-content\/uploads\/2020\/11\/DSC_1296-1-scaled.jpg","contentUrl":"https:\/\/torello.com\/wp-content\/uploads\/2020\/11\/DSC_1296-1-scaled.jpg","width":2560,"height":1828,"caption":"Cata vertical Torell\u00f3 Finca Can Mart\u00ed"},{"@type":"BreadcrumbList","@id":"https:\/\/torello.com\/es\/torello-cata-vertical\/#breadcrumb","itemListElement":[{"@type":"ListItem","position":1,"name":"Inici","item":"https:\/\/torello.com\/es\/"},{"@type":"ListItem","position":2,"name":"Torell\u00f3 &#8220;Cata Vertical&#8221;"}]},{"@type":"WebSite","@id":"https:\/\/torello.com\/es\/#website","url":"https:\/\/torello.com\/es\/","name":"Torell\u00f3 Viticultors Grans escumosos i vins ecol\u00f2gics","description":"Bodega familiar situada en el Pened\u00e9s, l\u00edder en la elaboraci\u00f3n de Cava y vinos, s\u00f3lo utiliza uva cultivada en su finca Can Mart\u00ed.","publisher":{"@id":"https:\/\/torello.com\/es\/#organization"},"potentialAction":[{"@type":"SearchAction","target":{"@type":"EntryPoint","urlTemplate":"https:\/\/torello.com\/es\/?s={search_term_string}"},"query-input":{"@type":"PropertyValueSpecification","valueRequired":true,"valueName":"search_term_string"}}],"inLanguage":"es"},{"@type":"Organization","@id":"https:\/\/torello.com\/es\/#organization","name":"Torell\u00f3 espumosos y vinos ecol\u00f3gicos","url":"https:\/\/torello.com\/es\/","logo":{"@type":"ImageObject","inLanguage":"es","@id":"https:\/\/torello.com\/es\/#\/schema\/logo\/image\/","url":"https:\/\/torello.com\/wp-content\/uploads\/2020\/02\/TORELLO_LOGO_4.png","contentUrl":"https:\/\/torello.com\/wp-content\/uploads\/2020\/02\/TORELLO_LOGO_4.png","width":278,"height":140,"caption":"Torell\u00f3 espumosos y vinos ecol\u00f3gicos"},"image":{"@id":"https:\/\/torello.com\/es\/#\/schema\/logo\/image\/"},"sameAs":["https:\/\/www.facebook.com\/TorelloViticultors\/","https:\/\/x.com\/TorelloViticult","https:\/\/www.instagram.com\/torelloviticultors\/","https:\/\/www.youtube.com\/user\/Torello57"]},{"@type":"Person","@id":"https:\/\/torello.com\/es\/#\/schema\/person\/af0430a2b2d6328b7c5326d55829e8e5","name":"Xavi Aranda","image":{"@type":"ImageObject","inLanguage":"es","@id":"https:\/\/torello.com\/es\/#\/schema\/person\/image\/","url":"https:\/\/secure.gravatar.com\/avatar\/60aaed920de8bf037b3167ff36934c57b6d91c1daceade7b67502ed2a0a18b86?s=96&d=mm&r=g","contentUrl":"https:\/\/secure.gravatar.com\/avatar\/60aaed920de8bf037b3167ff36934c57b6d91c1daceade7b67502ed2a0a18b86?s=96&d=mm&r=g","caption":"Xavi Aranda"}}]}},"_links":{"self":[{"href":"https:\/\/torello.com\/es\/wp-json\/wp\/v2\/posts\/21726","targetHints":{"allow":["GET"]}}],"collection":[{"href":"https:\/\/torello.com\/es\/wp-json\/wp\/v2\/posts"}],"about":[{"href":"https:\/\/torello.com\/es\/wp-json\/wp\/v2\/types\/post"}],"author":[{"embeddable":true,"href":"https:\/\/torello.com\/es\/wp-json\/wp\/v2\/users\/6"}],"replies":[{"embeddable":true,"href":"https:\/\/torello.com\/es\/wp-json\/wp\/v2\/comments?post=21726"}],"version-history":[{"count":0,"href":"https:\/\/torello.com\/es\/wp-json\/wp\/v2\/posts\/21726\/revisions"}],"wp:featuredmedia":[{"embeddable":true,"href":"https:\/\/torello.com\/es\/wp-json\/wp\/v2\/media\/21724"}],"wp:attachment":[{"href":"https:\/\/torello.com\/es\/wp-json\/wp\/v2\/media?parent=21726"}],"wp:term":[{"taxonomy":"category","embeddable":true,"href":"https:\/\/torello.com\/es\/wp-json\/wp\/v2\/categories?post=21726"},{"taxonomy":"post_tag","embeddable":true,"href":"https:\/\/torello.com\/es\/wp-json\/wp\/v2\/tags?post=21726"}],"curies":[{"name":"wp","href":"https:\/\/api.w.org\/{rel}","templated":true}]}}