{"id":22144,"date":"2020-10-07T14:54:50","date_gmt":"2020-10-07T14:54:50","guid":{"rendered":"https:\/\/torello.com\/?p=22144"},"modified":"2025-04-22T15:00:52","modified_gmt":"2025-04-22T15:00:52","slug":"la-vendimia-2020-en-torello-viticultors","status":"publish","type":"post","link":"https:\/\/torello.com\/es\/la-vendimia-2020-en-torello-viticultors\/","title":{"rendered":"La vendimia 2020 en Torello Viticultors"},"content":{"rendered":"<div id=\"attachment_22139\" style=\"width: 1034px\" class=\"wp-caption alignnone\"><img decoding=\"async\" aria-describedby=\"caption-attachment-22139\" class=\"size-full wp-image-22139\" src=\"https:\/\/torello.com\/wp-content\/uploads\/2020\/10\/Paco-de-la-Rosa-y-una-cepa-con-uva-antes-de-vendimiarla.jpg\" alt=\"Paco de la Rosa y una cepa con uva antes de vendimiarla\" width=\"1024\" height=\"768\" srcset=\"https:\/\/torello.com\/wp-content\/uploads\/2020\/10\/Paco-de-la-Rosa-y-una-cepa-con-uva-antes-de-vendimiarla-196x147.jpg 196w, https:\/\/torello.com\/wp-content\/uploads\/2020\/10\/Paco-de-la-Rosa-y-una-cepa-con-uva-antes-de-vendimiarla-200x150.jpg 200w, https:\/\/torello.com\/wp-content\/uploads\/2020\/10\/Paco-de-la-Rosa-y-una-cepa-con-uva-antes-de-vendimiarla-300x225.jpg 300w, https:\/\/torello.com\/wp-content\/uploads\/2020\/10\/Paco-de-la-Rosa-y-una-cepa-con-uva-antes-de-vendimiarla-400x300.jpg 400w, https:\/\/torello.com\/wp-content\/uploads\/2020\/10\/Paco-de-la-Rosa-y-una-cepa-con-uva-antes-de-vendimiarla-500x375.jpg 500w, https:\/\/torello.com\/wp-content\/uploads\/2020\/10\/Paco-de-la-Rosa-y-una-cepa-con-uva-antes-de-vendimiarla-600x450.jpg 600w, https:\/\/torello.com\/wp-content\/uploads\/2020\/10\/Paco-de-la-Rosa-y-una-cepa-con-uva-antes-de-vendimiarla-700x525.jpg 700w, https:\/\/torello.com\/wp-content\/uploads\/2020\/10\/Paco-de-la-Rosa-y-una-cepa-con-uva-antes-de-vendimiarla-768x576.jpg 768w, https:\/\/torello.com\/wp-content\/uploads\/2020\/10\/Paco-de-la-Rosa-y-una-cepa-con-uva-antes-de-vendimiarla-800x600.jpg 800w, https:\/\/torello.com\/wp-content\/uploads\/2020\/10\/Paco-de-la-Rosa-y-una-cepa-con-uva-antes-de-vendimiarla.jpg 1024w\" sizes=\"(max-width: 1024px) 100vw, 1024px\" \/><p id=\"caption-attachment-22139\" class=\"wp-caption-text\">Paco de la Rosa y una cepa con uva antes de vendimiarla<\/p><\/div>\n<h2>\u00bfCu\u00e1ndo comenz\u00f3 la vendimia 2020 y c\u00f3mo se desarroll\u00f3?<\/h2>\n<p>La vendimia n\u00famero 68 desde que elaboramos la primera botella de vino espumoso en Torello, empez\u00f3 el s\u00e1bado 8 de agosto, con las variedades muscat y pinot noir, sigui\u00f3 con las tradicionales variedades Macabeo, Xarel\u00b7lo y Parellada y resto de uvas de la Finca Can Mart\u00ed y finalizo el 4 de septiembre.<\/p>\n<h2>Un a\u00f1o complicado: mildiu y pandemia<\/h2>\n<p>Este ha sido un a\u00f1o muy complicado y de muchos retos para los viticultores del Penedes, sobre todo para aquellos que trabajamos en ecol\u00f3gico. En palabras de Paco de la Rosa Torello<\/p>\n<blockquote><p>\u201cAdem\u00e1s de las desastrosas consecuencias derivadas de la pandemia de la covid-19, la vi\u00f1a de la zona se ha visto gravemente afectada por el mildiu (enfermedad producida por hongos) de una manera que no se recuerda desde hace mas de cien a\u00f1os\u201d<\/p><\/blockquote>\n<p>Las variedades mas afectadas por el mildiu han sido la parellada y el macabeo y las que menos, la muscat y la malvas\u00eda.<\/p>\n<h2>Un clima extremo: primavera muy h\u00fameda, verano seco<\/h2>\n<p>2020 ha sido un a\u00f1o muy lluvioso, de hecho, entre octubre de 2019 y mayo de 2020 se recogieron en nuestra finca un total de 746 litros por m2, en cambio el verano ha sido muy seco, no llovi\u00f3 ni un solo d\u00eda. Esta tan alta pluviometr\u00eda en primavera favoreci\u00f3 la gran proliferaci\u00f3n del mildiu.<\/p>\n<h2>Desaf\u00edos de la viticultura ecol\u00f3gica en un a\u00f1o adverso<\/h2>\n<p>Como ya sab\u00e9is, en Torello trabajamos principalmente las tres variedades hist\u00f3ricas para los <a href=\"https:\/\/torello.com\/es\/categoria-producte\/corpinnat-es\/\">espumosos Corpinnat<\/a> del Penedes (macabeo, xarel\u00b7lo y parellada), con lo que uno se puede hacer una idea de hasta donde pueden llegar las afectaciones. Pero ya se sabe, en este oficio tan querido a la par que duro, el viticultor siempre esta mirando al cielo. Cuando uno trabaja la viticultura ecol\u00f3gica, depende mas que nunca de la benevolencia (o no) de la meteorolog\u00eda. Los tratamientos que tenemos al alcance son mucho mas limitados que en la agricultura convencional. No se lucha contra las plagas con productos qu\u00edmicos en la vi\u00f1a, y adem\u00e1s se juega solo con tratamientos preventivos \u2013 siempre respetuosos con el entorno y que favorecen la biodiversidad de la finca \u2013.<\/p>\n<div id=\"attachment_22130\" style=\"width: 1034px\" class=\"wp-caption alignnone\"><img decoding=\"async\" aria-describedby=\"caption-attachment-22130\" class=\"size-full wp-image-22130\" src=\"https:\/\/torello.com\/wp-content\/uploads\/2020\/10\/Mesa-de-seleccion-de-uva-antes-de-prensarla.jpg\" alt=\"Mesa de selecci\u00f3n de uva antes de prensarla\" width=\"1024\" height=\"768\" srcset=\"https:\/\/torello.com\/wp-content\/uploads\/2020\/10\/Mesa-de-seleccion-de-uva-antes-de-prensarla-196x147.jpg 196w, https:\/\/torello.com\/wp-content\/uploads\/2020\/10\/Mesa-de-seleccion-de-uva-antes-de-prensarla-200x150.jpg 200w, https:\/\/torello.com\/wp-content\/uploads\/2020\/10\/Mesa-de-seleccion-de-uva-antes-de-prensarla-300x225.jpg 300w, https:\/\/torello.com\/wp-content\/uploads\/2020\/10\/Mesa-de-seleccion-de-uva-antes-de-prensarla-400x300.jpg 400w, https:\/\/torello.com\/wp-content\/uploads\/2020\/10\/Mesa-de-seleccion-de-uva-antes-de-prensarla-500x375.jpg 500w, https:\/\/torello.com\/wp-content\/uploads\/2020\/10\/Mesa-de-seleccion-de-uva-antes-de-prensarla-600x450.jpg 600w, https:\/\/torello.com\/wp-content\/uploads\/2020\/10\/Mesa-de-seleccion-de-uva-antes-de-prensarla-700x525.jpg 700w, https:\/\/torello.com\/wp-content\/uploads\/2020\/10\/Mesa-de-seleccion-de-uva-antes-de-prensarla-768x576.jpg 768w, https:\/\/torello.com\/wp-content\/uploads\/2020\/10\/Mesa-de-seleccion-de-uva-antes-de-prensarla-800x600.jpg 800w, https:\/\/torello.com\/wp-content\/uploads\/2020\/10\/Mesa-de-seleccion-de-uva-antes-de-prensarla.jpg 1024w\" sizes=\"(max-width: 1024px) 100vw, 1024px\" \/><p id=\"caption-attachment-22130\" class=\"wp-caption-text\">Mesa de selecci\u00f3n de uva antes de prensarla<\/p><\/div>\n<h2>Vendimia manual y mesa de selecci\u00f3n para preservar calidad<\/h2>\n<p>Este 2020 hemos tenido menos cantidad de uva, pero de buena calidad. Esto lo conseguimos gracias a la vendimia manual: primera selecci\u00f3n de lo que cosechamos en la vi\u00f1a y gracias al hecho que una vez la uva llega a la bodega, lo pasamos por una mesa de selecci\u00f3n, donde volvemos a hacer una segunda criba de los frutos, antes de que la uva pase a la prensa. De esta manera queremos destacar el gran esfuerzo realizado por los equipos de viticultura y bodega para conseguir la mejor vendimia y alta calidad de los vinos en un a\u00f1o tan dif\u00edcil como este.<\/p>\n<h2>Vinos DO Pened\u00e8s y vinos espumosos Coprinnat con gran concentraci\u00f3n y equilibrio<\/h2>\n<p>Los vinos DO Penedes resultantes de la cosecha tienen un gran potencial arom\u00e1tico y mucha concentraci\u00f3n debido al verano seco y caluroso. Notas tropicales en los blancos de malvas\u00eda y chardonnay y colores muy vivos e intensos en las variedades destinadas a vino rosado. Hemos elaborado muy poco vino base para los <a href=\"https:\/\/www.corpinnat.com\/es\/\" target=\"_blank\" rel=\"noopener\">espumosos Corpinnat<\/a>, debido a la dificultad de la a\u00f1ada, pero, en cualquier caso, se distinguen por una acidez y grado alcoh\u00f3lico muy equilibrados.<\/p>\n","protected":false},"excerpt":{"rendered":"<p>\u00bfCu\u00e1ndo comenz\u00f3 la vendimia 2020 y c\u00f3mo se desarroll\u00f3? La vendimia n\u00famero 68 desde que elaboramos la primera botella de vino espumoso en Torello, empez\u00f3 el s\u00e1bado 8 de agosto, con las variedades muscat y pinot noir, sigui\u00f3 con las tradicionales variedades Macabeo, Xarel\u00b7lo y Parellada y resto de uvas de la Finca Can Mart\u00ed<\/p>\n","protected":false},"author":6,"featured_media":22130,"comment_status":"open","ping_status":"open","sticky":false,"template":"","format":"standard","meta":{"footnotes":""},"categories":[1018],"tags":[1342,1101,1341,1026,1343,1344],"class_list":["post-22144","post","type-post","status-publish","format-standard","has-post-thumbnail","hentry","category-vendimia","tag-2020-es","tag-agricultura-ecologica-es","tag-mesa-de-seleccion","tag-mildiu-es","tag-pandemia-es","tag-viticultura-ecologica-es"],"yoast_head":"<!-- This site is optimized with the Yoast SEO plugin v26.7 - https:\/\/yoast.com\/wordpress\/plugins\/seo\/ -->\n<title>La vendimia 2020 en Torello Viticultors | Torell\u00f3 Viticultors Grans escumosos i vins ecol\u00f2gics<\/title>\n<meta name=\"description\" content=\"La vendimia n\u00famero 68 desde que elaboramos la primera botella de vino espumoso en Torello, empez\u00f3 el s\u00e1bado ...\" \/>\n<meta name=\"robots\" content=\"index, follow, max-snippet:-1, max-image-preview:large, max-video-preview:-1\" \/>\n<link rel=\"canonical\" href=\"https:\/\/torello.com\/es\/la-vendimia-2020-en-torello-viticultors\/\" \/>\n<meta property=\"og:locale\" content=\"es_ES\" \/>\n<meta property=\"og:type\" content=\"article\" \/>\n<meta property=\"og:title\" content=\"La vendimia 2020 en Torello Viticultors | Torell\u00f3 Viticultors Grans escumosos i vins ecol\u00f2gics\" \/>\n<meta property=\"og:description\" content=\"La vendimia n\u00famero 68 desde que elaboramos la primera botella de vino espumoso en Torello, empez\u00f3 el s\u00e1bado ...\" \/>\n<meta property=\"og:url\" content=\"https:\/\/torello.com\/es\/la-vendimia-2020-en-torello-viticultors\/\" \/>\n<meta property=\"og:site_name\" content=\"Torell\u00f3 Viticultors Grans escumosos i vins ecol\u00f2gics\" \/>\n<meta property=\"article:publisher\" content=\"https:\/\/www.facebook.com\/TorelloViticultors\/\" \/>\n<meta property=\"article:published_time\" content=\"2020-10-07T14:54:50+00:00\" \/>\n<meta property=\"article:modified_time\" content=\"2025-04-22T15:00:52+00:00\" \/>\n<meta property=\"og:image\" content=\"https:\/\/torello.com\/wp-content\/uploads\/2020\/10\/Mesa-de-seleccion-de-uva-antes-de-prensarla.jpg\" \/>\n\t<meta property=\"og:image:width\" content=\"1024\" \/>\n\t<meta property=\"og:image:height\" content=\"768\" \/>\n\t<meta property=\"og:image:type\" content=\"image\/jpeg\" \/>\n<meta name=\"author\" content=\"Xavi Aranda\" \/>\n<meta name=\"twitter:card\" content=\"summary_large_image\" \/>\n<meta name=\"twitter:creator\" content=\"@TorelloViticult\" \/>\n<meta name=\"twitter:site\" content=\"@TorelloViticult\" \/>\n<meta name=\"twitter:label1\" content=\"Escrito por\" \/>\n\t<meta name=\"twitter:data1\" content=\"Xavi Aranda\" \/>\n\t<meta name=\"twitter:label2\" content=\"Tiempo de lectura\" \/>\n\t<meta name=\"twitter:data2\" content=\"1 minuto\" \/>\n<script type=\"application\/ld+json\" class=\"yoast-schema-graph\">{\"@context\":\"https:\/\/schema.org\",\"@graph\":[{\"@type\":\"Article\",\"@id\":\"https:\/\/torello.com\/es\/la-vendimia-2020-en-torello-viticultors\/#article\",\"isPartOf\":{\"@id\":\"https:\/\/torello.com\/es\/la-vendimia-2020-en-torello-viticultors\/\"},\"author\":{\"name\":\"Xavi Aranda\",\"@id\":\"https:\/\/torello.com\/es\/#\/schema\/person\/af0430a2b2d6328b7c5326d55829e8e5\"},\"headline\":\"La vendimia 2020 en Torello Viticultors\",\"datePublished\":\"2020-10-07T14:54:50+00:00\",\"dateModified\":\"2025-04-22T15:00:52+00:00\",\"mainEntityOfPage\":{\"@id\":\"https:\/\/torello.com\/es\/la-vendimia-2020-en-torello-viticultors\/\"},\"wordCount\":630,\"commentCount\":0,\"publisher\":{\"@id\":\"https:\/\/torello.com\/es\/#organization\"},\"image\":{\"@id\":\"https:\/\/torello.com\/es\/la-vendimia-2020-en-torello-viticultors\/#primaryimage\"},\"thumbnailUrl\":\"https:\/\/torello.com\/wp-content\/uploads\/2020\/10\/Mesa-de-seleccion-de-uva-antes-de-prensarla.jpg\",\"keywords\":[\"2020\",\"agricultura ecol\u00f2gica\",\"mesa de selecci\u00f3n\",\"mildiu\",\"pand\u00e8mia\",\"viticultura ecol\u00f2gica\"],\"articleSection\":[\"Vend\u00edmia\"],\"inLanguage\":\"es\",\"potentialAction\":[{\"@type\":\"CommentAction\",\"name\":\"Comment\",\"target\":[\"https:\/\/torello.com\/es\/la-vendimia-2020-en-torello-viticultors\/#respond\"]}]},{\"@type\":\"WebPage\",\"@id\":\"https:\/\/torello.com\/es\/la-vendimia-2020-en-torello-viticultors\/\",\"url\":\"https:\/\/torello.com\/es\/la-vendimia-2020-en-torello-viticultors\/\",\"name\":\"La vendimia 2020 en Torello Viticultors | Torell\u00f3 Viticultors Grans escumosos i vins ecol\u00f2gics\",\"isPartOf\":{\"@id\":\"https:\/\/torello.com\/es\/#website\"},\"primaryImageOfPage\":{\"@id\":\"https:\/\/torello.com\/es\/la-vendimia-2020-en-torello-viticultors\/#primaryimage\"},\"image\":{\"@id\":\"https:\/\/torello.com\/es\/la-vendimia-2020-en-torello-viticultors\/#primaryimage\"},\"thumbnailUrl\":\"https:\/\/torello.com\/wp-content\/uploads\/2020\/10\/Mesa-de-seleccion-de-uva-antes-de-prensarla.jpg\",\"datePublished\":\"2020-10-07T14:54:50+00:00\",\"dateModified\":\"2025-04-22T15:00:52+00:00\",\"description\":\"La vendimia n\u00famero 68 desde que elaboramos la primera botella de vino espumoso en Torello, empez\u00f3 el s\u00e1bado ...\",\"breadcrumb\":{\"@id\":\"https:\/\/torello.com\/es\/la-vendimia-2020-en-torello-viticultors\/#breadcrumb\"},\"inLanguage\":\"es\",\"potentialAction\":[{\"@type\":\"ReadAction\",\"target\":[\"https:\/\/torello.com\/es\/la-vendimia-2020-en-torello-viticultors\/\"]}]},{\"@type\":\"ImageObject\",\"inLanguage\":\"es\",\"@id\":\"https:\/\/torello.com\/es\/la-vendimia-2020-en-torello-viticultors\/#primaryimage\",\"url\":\"https:\/\/torello.com\/wp-content\/uploads\/2020\/10\/Mesa-de-seleccion-de-uva-antes-de-prensarla.jpg\",\"contentUrl\":\"https:\/\/torello.com\/wp-content\/uploads\/2020\/10\/Mesa-de-seleccion-de-uva-antes-de-prensarla.jpg\",\"width\":1024,\"height\":768,\"caption\":\"Mesa de selecci\u00f3n de uva antes de prensarla\"},{\"@type\":\"BreadcrumbList\",\"@id\":\"https:\/\/torello.com\/es\/la-vendimia-2020-en-torello-viticultors\/#breadcrumb\",\"itemListElement\":[{\"@type\":\"ListItem\",\"position\":1,\"name\":\"Inici\",\"item\":\"https:\/\/torello.com\/es\/\"},{\"@type\":\"ListItem\",\"position\":2,\"name\":\"La vendimia 2020 en Torello Viticultors\"}]},{\"@type\":\"WebSite\",\"@id\":\"https:\/\/torello.com\/es\/#website\",\"url\":\"https:\/\/torello.com\/es\/\",\"name\":\"Torell\u00f3 Viticultors Grans escumosos i vins ecol\u00f2gics\",\"description\":\"Bodega familiar situada en el Pened\u00e9s, l\u00edder en la elaboraci\u00f3n de Cava y vinos, s\u00f3lo utiliza uva cultivada en su finca Can Mart\u00ed.\",\"publisher\":{\"@id\":\"https:\/\/torello.com\/es\/#organization\"},\"potentialAction\":[{\"@type\":\"SearchAction\",\"target\":{\"@type\":\"EntryPoint\",\"urlTemplate\":\"https:\/\/torello.com\/es\/?s={search_term_string}\"},\"query-input\":{\"@type\":\"PropertyValueSpecification\",\"valueRequired\":true,\"valueName\":\"search_term_string\"}}],\"inLanguage\":\"es\"},{\"@type\":\"Organization\",\"@id\":\"https:\/\/torello.com\/es\/#organization\",\"name\":\"Torell\u00f3 espumosos y vinos ecol\u00f3gicos\",\"url\":\"https:\/\/torello.com\/es\/\",\"logo\":{\"@type\":\"ImageObject\",\"inLanguage\":\"es\",\"@id\":\"https:\/\/torello.com\/es\/#\/schema\/logo\/image\/\",\"url\":\"https:\/\/torello.com\/wp-content\/uploads\/2020\/02\/TORELLO_LOGO_4.png\",\"contentUrl\":\"https:\/\/torello.com\/wp-content\/uploads\/2020\/02\/TORELLO_LOGO_4.png\",\"width\":278,\"height\":140,\"caption\":\"Torell\u00f3 espumosos y vinos ecol\u00f3gicos\"},\"image\":{\"@id\":\"https:\/\/torello.com\/es\/#\/schema\/logo\/image\/\"},\"sameAs\":[\"https:\/\/www.facebook.com\/TorelloViticultors\/\",\"https:\/\/x.com\/TorelloViticult\",\"https:\/\/www.instagram.com\/torelloviticultors\/\",\"https:\/\/www.youtube.com\/user\/Torello57\"]},{\"@type\":\"Person\",\"@id\":\"https:\/\/torello.com\/es\/#\/schema\/person\/af0430a2b2d6328b7c5326d55829e8e5\",\"name\":\"Xavi Aranda\",\"image\":{\"@type\":\"ImageObject\",\"inLanguage\":\"es\",\"@id\":\"https:\/\/torello.com\/es\/#\/schema\/person\/image\/\",\"url\":\"https:\/\/secure.gravatar.com\/avatar\/60aaed920de8bf037b3167ff36934c57b6d91c1daceade7b67502ed2a0a18b86?s=96&d=mm&r=g\",\"contentUrl\":\"https:\/\/secure.gravatar.com\/avatar\/60aaed920de8bf037b3167ff36934c57b6d91c1daceade7b67502ed2a0a18b86?s=96&d=mm&r=g\",\"caption\":\"Xavi Aranda\"}}]}<\/script>\n<!-- \/ Yoast SEO plugin. -->","yoast_head_json":{"title":"La vendimia 2020 en Torello Viticultors | Torell\u00f3 Viticultors Grans escumosos i vins ecol\u00f2gics","description":"La vendimia n\u00famero 68 desde que elaboramos la primera botella de vino espumoso en Torello, empez\u00f3 el s\u00e1bado ...","robots":{"index":"index","follow":"follow","max-snippet":"max-snippet:-1","max-image-preview":"max-image-preview:large","max-video-preview":"max-video-preview:-1"},"canonical":"https:\/\/torello.com\/es\/la-vendimia-2020-en-torello-viticultors\/","og_locale":"es_ES","og_type":"article","og_title":"La vendimia 2020 en Torello Viticultors | Torell\u00f3 Viticultors Grans escumosos i vins ecol\u00f2gics","og_description":"La vendimia n\u00famero 68 desde que elaboramos la primera botella de vino espumoso en Torello, empez\u00f3 el s\u00e1bado ...","og_url":"https:\/\/torello.com\/es\/la-vendimia-2020-en-torello-viticultors\/","og_site_name":"Torell\u00f3 Viticultors Grans escumosos i vins ecol\u00f2gics","article_publisher":"https:\/\/www.facebook.com\/TorelloViticultors\/","article_published_time":"2020-10-07T14:54:50+00:00","article_modified_time":"2025-04-22T15:00:52+00:00","og_image":[{"width":1024,"height":768,"url":"https:\/\/torello.com\/wp-content\/uploads\/2020\/10\/Mesa-de-seleccion-de-uva-antes-de-prensarla.jpg","type":"image\/jpeg"}],"author":"Xavi Aranda","twitter_card":"summary_large_image","twitter_creator":"@TorelloViticult","twitter_site":"@TorelloViticult","twitter_misc":{"Escrito por":"Xavi Aranda","Tiempo de lectura":"1 minuto"},"schema":{"@context":"https:\/\/schema.org","@graph":[{"@type":"Article","@id":"https:\/\/torello.com\/es\/la-vendimia-2020-en-torello-viticultors\/#article","isPartOf":{"@id":"https:\/\/torello.com\/es\/la-vendimia-2020-en-torello-viticultors\/"},"author":{"name":"Xavi Aranda","@id":"https:\/\/torello.com\/es\/#\/schema\/person\/af0430a2b2d6328b7c5326d55829e8e5"},"headline":"La vendimia 2020 en Torello Viticultors","datePublished":"2020-10-07T14:54:50+00:00","dateModified":"2025-04-22T15:00:52+00:00","mainEntityOfPage":{"@id":"https:\/\/torello.com\/es\/la-vendimia-2020-en-torello-viticultors\/"},"wordCount":630,"commentCount":0,"publisher":{"@id":"https:\/\/torello.com\/es\/#organization"},"image":{"@id":"https:\/\/torello.com\/es\/la-vendimia-2020-en-torello-viticultors\/#primaryimage"},"thumbnailUrl":"https:\/\/torello.com\/wp-content\/uploads\/2020\/10\/Mesa-de-seleccion-de-uva-antes-de-prensarla.jpg","keywords":["2020","agricultura ecol\u00f2gica","mesa de selecci\u00f3n","mildiu","pand\u00e8mia","viticultura ecol\u00f2gica"],"articleSection":["Vend\u00edmia"],"inLanguage":"es","potentialAction":[{"@type":"CommentAction","name":"Comment","target":["https:\/\/torello.com\/es\/la-vendimia-2020-en-torello-viticultors\/#respond"]}]},{"@type":"WebPage","@id":"https:\/\/torello.com\/es\/la-vendimia-2020-en-torello-viticultors\/","url":"https:\/\/torello.com\/es\/la-vendimia-2020-en-torello-viticultors\/","name":"La vendimia 2020 en Torello Viticultors | Torell\u00f3 Viticultors Grans escumosos i vins ecol\u00f2gics","isPartOf":{"@id":"https:\/\/torello.com\/es\/#website"},"primaryImageOfPage":{"@id":"https:\/\/torello.com\/es\/la-vendimia-2020-en-torello-viticultors\/#primaryimage"},"image":{"@id":"https:\/\/torello.com\/es\/la-vendimia-2020-en-torello-viticultors\/#primaryimage"},"thumbnailUrl":"https:\/\/torello.com\/wp-content\/uploads\/2020\/10\/Mesa-de-seleccion-de-uva-antes-de-prensarla.jpg","datePublished":"2020-10-07T14:54:50+00:00","dateModified":"2025-04-22T15:00:52+00:00","description":"La vendimia n\u00famero 68 desde que elaboramos la primera botella de vino espumoso en Torello, empez\u00f3 el s\u00e1bado ...","breadcrumb":{"@id":"https:\/\/torello.com\/es\/la-vendimia-2020-en-torello-viticultors\/#breadcrumb"},"inLanguage":"es","potentialAction":[{"@type":"ReadAction","target":["https:\/\/torello.com\/es\/la-vendimia-2020-en-torello-viticultors\/"]}]},{"@type":"ImageObject","inLanguage":"es","@id":"https:\/\/torello.com\/es\/la-vendimia-2020-en-torello-viticultors\/#primaryimage","url":"https:\/\/torello.com\/wp-content\/uploads\/2020\/10\/Mesa-de-seleccion-de-uva-antes-de-prensarla.jpg","contentUrl":"https:\/\/torello.com\/wp-content\/uploads\/2020\/10\/Mesa-de-seleccion-de-uva-antes-de-prensarla.jpg","width":1024,"height":768,"caption":"Mesa de selecci\u00f3n de uva antes de prensarla"},{"@type":"BreadcrumbList","@id":"https:\/\/torello.com\/es\/la-vendimia-2020-en-torello-viticultors\/#breadcrumb","itemListElement":[{"@type":"ListItem","position":1,"name":"Inici","item":"https:\/\/torello.com\/es\/"},{"@type":"ListItem","position":2,"name":"La vendimia 2020 en Torello Viticultors"}]},{"@type":"WebSite","@id":"https:\/\/torello.com\/es\/#website","url":"https:\/\/torello.com\/es\/","name":"Torell\u00f3 Viticultors Grans escumosos i vins ecol\u00f2gics","description":"Bodega familiar situada en el Pened\u00e9s, l\u00edder en la elaboraci\u00f3n de Cava y vinos, s\u00f3lo utiliza uva cultivada en su finca Can Mart\u00ed.","publisher":{"@id":"https:\/\/torello.com\/es\/#organization"},"potentialAction":[{"@type":"SearchAction","target":{"@type":"EntryPoint","urlTemplate":"https:\/\/torello.com\/es\/?s={search_term_string}"},"query-input":{"@type":"PropertyValueSpecification","valueRequired":true,"valueName":"search_term_string"}}],"inLanguage":"es"},{"@type":"Organization","@id":"https:\/\/torello.com\/es\/#organization","name":"Torell\u00f3 espumosos y vinos ecol\u00f3gicos","url":"https:\/\/torello.com\/es\/","logo":{"@type":"ImageObject","inLanguage":"es","@id":"https:\/\/torello.com\/es\/#\/schema\/logo\/image\/","url":"https:\/\/torello.com\/wp-content\/uploads\/2020\/02\/TORELLO_LOGO_4.png","contentUrl":"https:\/\/torello.com\/wp-content\/uploads\/2020\/02\/TORELLO_LOGO_4.png","width":278,"height":140,"caption":"Torell\u00f3 espumosos y vinos ecol\u00f3gicos"},"image":{"@id":"https:\/\/torello.com\/es\/#\/schema\/logo\/image\/"},"sameAs":["https:\/\/www.facebook.com\/TorelloViticultors\/","https:\/\/x.com\/TorelloViticult","https:\/\/www.instagram.com\/torelloviticultors\/","https:\/\/www.youtube.com\/user\/Torello57"]},{"@type":"Person","@id":"https:\/\/torello.com\/es\/#\/schema\/person\/af0430a2b2d6328b7c5326d55829e8e5","name":"Xavi Aranda","image":{"@type":"ImageObject","inLanguage":"es","@id":"https:\/\/torello.com\/es\/#\/schema\/person\/image\/","url":"https:\/\/secure.gravatar.com\/avatar\/60aaed920de8bf037b3167ff36934c57b6d91c1daceade7b67502ed2a0a18b86?s=96&d=mm&r=g","contentUrl":"https:\/\/secure.gravatar.com\/avatar\/60aaed920de8bf037b3167ff36934c57b6d91c1daceade7b67502ed2a0a18b86?s=96&d=mm&r=g","caption":"Xavi Aranda"}}]}},"_links":{"self":[{"href":"https:\/\/torello.com\/es\/wp-json\/wp\/v2\/posts\/22144","targetHints":{"allow":["GET"]}}],"collection":[{"href":"https:\/\/torello.com\/es\/wp-json\/wp\/v2\/posts"}],"about":[{"href":"https:\/\/torello.com\/es\/wp-json\/wp\/v2\/types\/post"}],"author":[{"embeddable":true,"href":"https:\/\/torello.com\/es\/wp-json\/wp\/v2\/users\/6"}],"replies":[{"embeddable":true,"href":"https:\/\/torello.com\/es\/wp-json\/wp\/v2\/comments?post=22144"}],"version-history":[{"count":1,"href":"https:\/\/torello.com\/es\/wp-json\/wp\/v2\/posts\/22144\/revisions"}],"predecessor-version":[{"id":22146,"href":"https:\/\/torello.com\/es\/wp-json\/wp\/v2\/posts\/22144\/revisions\/22146"}],"wp:featuredmedia":[{"embeddable":true,"href":"https:\/\/torello.com\/es\/wp-json\/wp\/v2\/media\/22130"}],"wp:attachment":[{"href":"https:\/\/torello.com\/es\/wp-json\/wp\/v2\/media?parent=22144"}],"wp:term":[{"taxonomy":"category","embeddable":true,"href":"https:\/\/torello.com\/es\/wp-json\/wp\/v2\/categories?post=22144"},{"taxonomy":"post_tag","embeddable":true,"href":"https:\/\/torello.com\/es\/wp-json\/wp\/v2\/tags?post=22144"}],"curies":[{"name":"wp","href":"https:\/\/api.w.org\/{rel}","templated":true}]}}