{"id":25192,"date":"2026-04-30T11:03:35","date_gmt":"2026-04-30T09:03:35","guid":{"rendered":"https:\/\/torello.com\/?p=25192"},"modified":"2026-04-30T11:16:18","modified_gmt":"2026-04-30T09:16:18","slug":"entrega-de-la-creu-de-sant-jordi-2026-en-ernestina-torello","status":"publish","type":"post","link":"https:\/\/torello.com\/es\/entrega-de-la-creu-de-sant-jordi-2026-en-ernestina-torello\/","title":{"rendered":"Entrega de la Creu de Sant Jordi 2026 en Ernestina Torell\u00f3"},"content":{"rendered":"<div id=\"attachment_25186\" style=\"width: 810px\" class=\"wp-caption alignnone\"><img decoding=\"async\" aria-describedby=\"caption-attachment-25186\" class=\"size-full wp-image-25186\" src=\"https:\/\/torello.com\/wp-content\/uploads\/2026\/04\/Entrega-de-la-Creu-de-Sant-Jordi-a-Ernestina-Torello.webp\" alt=\"Entrega de la Creu de Sant Jordi a Ernestina Torell\u00f3\" width=\"800\" height=\"534\" srcset=\"https:\/\/torello.com\/wp-content\/uploads\/2026\/04\/Entrega-de-la-Creu-de-Sant-Jordi-a-Ernestina-Torello-100x67.webp 100w, https:\/\/torello.com\/wp-content\/uploads\/2026\/04\/Entrega-de-la-Creu-de-Sant-Jordi-a-Ernestina-Torello-196x131.webp 196w, https:\/\/torello.com\/wp-content\/uploads\/2026\/04\/Entrega-de-la-Creu-de-Sant-Jordi-a-Ernestina-Torello-200x134.webp 200w, https:\/\/torello.com\/wp-content\/uploads\/2026\/04\/Entrega-de-la-Creu-de-Sant-Jordi-a-Ernestina-Torello-300x200.webp 300w, https:\/\/torello.com\/wp-content\/uploads\/2026\/04\/Entrega-de-la-Creu-de-Sant-Jordi-a-Ernestina-Torello-400x267.webp 400w, https:\/\/torello.com\/wp-content\/uploads\/2026\/04\/Entrega-de-la-Creu-de-Sant-Jordi-a-Ernestina-Torello-500x334.webp 500w, https:\/\/torello.com\/wp-content\/uploads\/2026\/04\/Entrega-de-la-Creu-de-Sant-Jordi-a-Ernestina-Torello-600x401.webp 600w, https:\/\/torello.com\/wp-content\/uploads\/2026\/04\/Entrega-de-la-Creu-de-Sant-Jordi-a-Ernestina-Torello-700x467.webp 700w, https:\/\/torello.com\/wp-content\/uploads\/2026\/04\/Entrega-de-la-Creu-de-Sant-Jordi-a-Ernestina-Torello-768x513.webp 768w, https:\/\/torello.com\/wp-content\/uploads\/2026\/04\/Entrega-de-la-Creu-de-Sant-Jordi-a-Ernestina-Torello.webp 800w\" sizes=\"(max-width: 800px) 100vw, 800px\" \/><p id=\"caption-attachment-25186\" class=\"wp-caption-text\">Entrega de la Creu de Sant Jordi a Ernestina Torell\u00f3<\/p><\/div>\n<blockquote><p>\u201c<em>La gratitud es uno de los sentimientos m\u00e1s poderosos por cambiar la sociedad. Agradecer con honestidad los m\u00e9ritos de los dem\u00e1s es se\u00f1al de un pa\u00eds seguro de s\u00ed mismo, esperanzado, inteligente y, al mismo tiempo, humilde. Cada a\u00f1o, las Cruces de Sant Jordi son un inmenso gesto de gratitud y de reconocimiento a las personas y entidades que han contribuido, y contribuyen, a hacer una Catalu\u00f1a mejor.<\/em>\u201d<\/p><\/blockquote>\n<p>As\u00ed es como comienza el Muy Honorable Sr. Salvador Illa, presidente de la Generalidad de Catalu\u00f1a, en la presentaci\u00f3n del libreto de las <a href=\"https:\/\/web.gencat.cat\/es\/generalitat\/accio-govern\/premis\/creu-de-sant-jordi\/guardonats-creu-sant-jordi-2026\" target=\"_blank\" rel=\"noopener\">Creus de Sant Jordi 2026<\/a> editado para la ocasi\u00f3n.<\/p>\n<p>El acto de entrega de la Creu de Sant Jordi en la imponente sala oval del MNAC, fue muy solemne y emocionante, con la asistencia del presidente del Parlament, de buena parte del Govern y de expresidentes de Catalunya. Se pudo escuchar las razones por las que recib\u00ed esa distinci\u00f3n y la entrega la hizo el presidente Illa.<\/p>\n<div class=\"video-shortcode\"><iframe title=\"Ernestina Torell\u00f3 Creu de Sant Jordi 2026\" width=\"1280\" height=\"960\" src=\"https:\/\/www.youtube.com\/embed\/4Zd9oAQb5bc?feature=oembed\" frameborder=\"0\" allow=\"accelerometer; autoplay; clipboard-write; encrypted-media; gyroscope; picture-in-picture; web-share\" referrerpolicy=\"strict-origin-when-cross-origin\" allowfullscreen><\/iframe><\/div>\n<p>Dado que recibo la Cruz por mi trayectoria empresarial vinculada al sector vitivin\u00edcola y mi contribuci\u00f3n a la proyecci\u00f3n y prestigio de los vinos y espumosos del pa\u00eds, quiero compartirla con mi familia, con las generaciones que me han precedido y con las que me continuar\u00e1n. Y tambi\u00e9n compartirla con todo el equipo de Torell\u00f3 que al fin y al cabo son parte de la <a href=\"https:\/\/torello.com\/es\/la-finca-can-marti\/\">finca<\/a>, mas\u00eda y bodega de Can Mart\u00ed.<\/p>\n<p>Aprovecho para dar la enhorabuena, tambi\u00e9n, al resto de personas y entidades galardonadas con la Creu de Sant Jordi 2026.<\/p>\n<p>&nbsp;<\/p>\n<p>Ernestina Torell\u00f3<\/p>\n<p>21a generaci\u00f3n de la Finca Can Mart\u00ed<\/p>\n","protected":false},"excerpt":{"rendered":"<p>\u201cLa gratitud es uno de los sentimientos m\u00e1s poderosos por cambiar la sociedad. Agradecer con honestidad los m\u00e9ritos de los dem\u00e1s es se\u00f1al de un pa\u00eds seguro de s\u00ed mismo, esperanzado, inteligente y, al mismo tiempo, humilde. Cada a\u00f1o, las Cruces de Sant Jordi son un inmenso gesto de gratitud y de reconocimiento a las<\/p>\n","protected":false},"author":6,"featured_media":25186,"comment_status":"open","ping_status":"open","sticky":false,"template":"","format":"standard","meta":{"footnotes":""},"categories":[121],"tags":[1430,1414,1434],"class_list":["post-25192","post","type-post","status-publish","format-standard","has-post-thumbnail","hentry","category-actualidad-torello","tag-creu-de-sant-jordi","tag-salvador-illa","tag-sonia-hernandez"],"yoast_head":"<!-- This site is optimized with the Yoast SEO plugin v26.7 - https:\/\/yoast.com\/wordpress\/plugins\/seo\/ -->\n<title>Entrega de la Creu de Sant Jordi 2026 en Ernestina Torell\u00f3 | Torell\u00f3 Viticultors Grans escumosos i vins ecol\u00f2gics<\/title>\n<meta name=\"description\" content=\"Entrega de la Creu de Sant Jordi 2026 en Ernestina Torell\u00f3. El acto de entrega de la Creu de Sant Jordi se hiz\u00f3 en la imponente sala oval...\" \/>\n<meta name=\"robots\" content=\"index, follow, max-snippet:-1, max-image-preview:large, max-video-preview:-1\" \/>\n<link rel=\"canonical\" href=\"https:\/\/torello.com\/es\/entrega-de-la-creu-de-sant-jordi-2026-en-ernestina-torello\/\" \/>\n<meta property=\"og:locale\" content=\"es_ES\" \/>\n<meta property=\"og:type\" content=\"article\" \/>\n<meta property=\"og:title\" content=\"Entrega de la Creu de Sant Jordi 2026 en Ernestina Torell\u00f3 | Torell\u00f3 Viticultors Grans escumosos i vins ecol\u00f2gics\" \/>\n<meta property=\"og:description\" content=\"Entrega de la Creu de Sant Jordi 2026 en Ernestina Torell\u00f3. El acto de entrega de la Creu de Sant Jordi se hiz\u00f3 en la imponente sala oval...\" \/>\n<meta property=\"og:url\" content=\"https:\/\/torello.com\/es\/entrega-de-la-creu-de-sant-jordi-2026-en-ernestina-torello\/\" \/>\n<meta property=\"og:site_name\" content=\"Torell\u00f3 Viticultors Grans escumosos i vins ecol\u00f2gics\" \/>\n<meta property=\"article:publisher\" content=\"https:\/\/www.facebook.com\/TorelloViticultors\/\" \/>\n<meta property=\"article:published_time\" content=\"2026-04-30T09:03:35+00:00\" \/>\n<meta property=\"article:modified_time\" content=\"2026-04-30T09:16:18+00:00\" \/>\n<meta property=\"og:image\" content=\"https:\/\/torello.com\/wp-content\/uploads\/2026\/04\/Entrega-de-la-Creu-de-Sant-Jordi-a-Ernestina-Torello.webp\" \/>\n\t<meta property=\"og:image:width\" content=\"800\" \/>\n\t<meta property=\"og:image:height\" content=\"534\" \/>\n\t<meta property=\"og:image:type\" content=\"image\/webp\" \/>\n<meta name=\"author\" content=\"Xavi Aranda\" \/>\n<meta name=\"twitter:card\" content=\"summary_large_image\" \/>\n<meta name=\"twitter:creator\" content=\"@TorelloViticult\" \/>\n<meta name=\"twitter:site\" content=\"@TorelloViticult\" \/>\n<meta name=\"twitter:label1\" content=\"Escrito por\" \/>\n\t<meta name=\"twitter:data1\" content=\"Xavi Aranda\" \/>\n\t<meta name=\"twitter:label2\" content=\"Tiempo de lectura\" \/>\n\t<meta name=\"twitter:data2\" content=\"2 minutos\" \/>\n<script type=\"application\/ld+json\" class=\"yoast-schema-graph\">{\"@context\":\"https:\/\/schema.org\",\"@graph\":[{\"@type\":\"Article\",\"@id\":\"https:\/\/torello.com\/es\/entrega-de-la-creu-de-sant-jordi-2026-en-ernestina-torello\/#article\",\"isPartOf\":{\"@id\":\"https:\/\/torello.com\/es\/entrega-de-la-creu-de-sant-jordi-2026-en-ernestina-torello\/\"},\"author\":{\"name\":\"Xavi Aranda\",\"@id\":\"https:\/\/torello.com\/es\/#\/schema\/person\/af0430a2b2d6328b7c5326d55829e8e5\"},\"headline\":\"Entrega de la Creu de Sant Jordi 2026 en Ernestina Torell\u00f3\",\"datePublished\":\"2026-04-30T09:03:35+00:00\",\"dateModified\":\"2026-04-30T09:16:18+00:00\",\"mainEntityOfPage\":{\"@id\":\"https:\/\/torello.com\/es\/entrega-de-la-creu-de-sant-jordi-2026-en-ernestina-torello\/\"},\"wordCount\":316,\"commentCount\":0,\"publisher\":{\"@id\":\"https:\/\/torello.com\/es\/#organization\"},\"image\":{\"@id\":\"https:\/\/torello.com\/es\/entrega-de-la-creu-de-sant-jordi-2026-en-ernestina-torello\/#primaryimage\"},\"thumbnailUrl\":\"https:\/\/torello.com\/wp-content\/uploads\/2026\/04\/Entrega-de-la-Creu-de-Sant-Jordi-a-Ernestina-Torello.webp\",\"keywords\":[\"Creu de Sant Jordi\",\"Salvador Illa\",\"S\u00f2nia Hern\u00e0ndez\"],\"articleSection\":[\"Actualidad Torell\u00f3\"],\"inLanguage\":\"es\",\"potentialAction\":[{\"@type\":\"CommentAction\",\"name\":\"Comment\",\"target\":[\"https:\/\/torello.com\/es\/entrega-de-la-creu-de-sant-jordi-2026-en-ernestina-torello\/#respond\"]}]},{\"@type\":\"WebPage\",\"@id\":\"https:\/\/torello.com\/es\/entrega-de-la-creu-de-sant-jordi-2026-en-ernestina-torello\/\",\"url\":\"https:\/\/torello.com\/es\/entrega-de-la-creu-de-sant-jordi-2026-en-ernestina-torello\/\",\"name\":\"Entrega de la Creu de Sant Jordi 2026 en Ernestina Torell\u00f3 | Torell\u00f3 Viticultors Grans escumosos i vins ecol\u00f2gics\",\"isPartOf\":{\"@id\":\"https:\/\/torello.com\/es\/#website\"},\"primaryImageOfPage\":{\"@id\":\"https:\/\/torello.com\/es\/entrega-de-la-creu-de-sant-jordi-2026-en-ernestina-torello\/#primaryimage\"},\"image\":{\"@id\":\"https:\/\/torello.com\/es\/entrega-de-la-creu-de-sant-jordi-2026-en-ernestina-torello\/#primaryimage\"},\"thumbnailUrl\":\"https:\/\/torello.com\/wp-content\/uploads\/2026\/04\/Entrega-de-la-Creu-de-Sant-Jordi-a-Ernestina-Torello.webp\",\"datePublished\":\"2026-04-30T09:03:35+00:00\",\"dateModified\":\"2026-04-30T09:16:18+00:00\",\"description\":\"Entrega de la Creu de Sant Jordi 2026 en Ernestina Torell\u00f3. El acto de entrega de la Creu de Sant Jordi se hiz\u00f3 en la imponente sala oval...\",\"breadcrumb\":{\"@id\":\"https:\/\/torello.com\/es\/entrega-de-la-creu-de-sant-jordi-2026-en-ernestina-torello\/#breadcrumb\"},\"inLanguage\":\"es\",\"potentialAction\":[{\"@type\":\"ReadAction\",\"target\":[\"https:\/\/torello.com\/es\/entrega-de-la-creu-de-sant-jordi-2026-en-ernestina-torello\/\"]}]},{\"@type\":\"ImageObject\",\"inLanguage\":\"es\",\"@id\":\"https:\/\/torello.com\/es\/entrega-de-la-creu-de-sant-jordi-2026-en-ernestina-torello\/#primaryimage\",\"url\":\"https:\/\/torello.com\/wp-content\/uploads\/2026\/04\/Entrega-de-la-Creu-de-Sant-Jordi-a-Ernestina-Torello.webp\",\"contentUrl\":\"https:\/\/torello.com\/wp-content\/uploads\/2026\/04\/Entrega-de-la-Creu-de-Sant-Jordi-a-Ernestina-Torello.webp\",\"width\":800,\"height\":534,\"caption\":\"Entrega de la Creu de Sant Jordi a Ernestina Torell\u00f3\"},{\"@type\":\"BreadcrumbList\",\"@id\":\"https:\/\/torello.com\/es\/entrega-de-la-creu-de-sant-jordi-2026-en-ernestina-torello\/#breadcrumb\",\"itemListElement\":[{\"@type\":\"ListItem\",\"position\":1,\"name\":\"Inici\",\"item\":\"https:\/\/torello.com\/es\/\"},{\"@type\":\"ListItem\",\"position\":2,\"name\":\"Entrega de la Creu de Sant Jordi 2026 en Ernestina Torell\u00f3\"}]},{\"@type\":\"WebSite\",\"@id\":\"https:\/\/torello.com\/es\/#website\",\"url\":\"https:\/\/torello.com\/es\/\",\"name\":\"Torell\u00f3 Viticultors Grans escumosos i vins ecol\u00f2gics\",\"description\":\"Bodega familiar situada en el Pened\u00e9s, l\u00edder en la elaboraci\u00f3n de Cava y vinos, s\u00f3lo utiliza uva cultivada en su finca Can Mart\u00ed.\",\"publisher\":{\"@id\":\"https:\/\/torello.com\/es\/#organization\"},\"potentialAction\":[{\"@type\":\"SearchAction\",\"target\":{\"@type\":\"EntryPoint\",\"urlTemplate\":\"https:\/\/torello.com\/es\/?s={search_term_string}\"},\"query-input\":{\"@type\":\"PropertyValueSpecification\",\"valueRequired\":true,\"valueName\":\"search_term_string\"}}],\"inLanguage\":\"es\"},{\"@type\":\"Organization\",\"@id\":\"https:\/\/torello.com\/es\/#organization\",\"name\":\"Torell\u00f3 espumosos y vinos ecol\u00f3gicos\",\"url\":\"https:\/\/torello.com\/es\/\",\"logo\":{\"@type\":\"ImageObject\",\"inLanguage\":\"es\",\"@id\":\"https:\/\/torello.com\/es\/#\/schema\/logo\/image\/\",\"url\":\"https:\/\/torello.com\/wp-content\/uploads\/2020\/02\/TORELLO_LOGO_4.png\",\"contentUrl\":\"https:\/\/torello.com\/wp-content\/uploads\/2020\/02\/TORELLO_LOGO_4.png\",\"width\":278,\"height\":140,\"caption\":\"Torell\u00f3 espumosos y vinos ecol\u00f3gicos\"},\"image\":{\"@id\":\"https:\/\/torello.com\/es\/#\/schema\/logo\/image\/\"},\"sameAs\":[\"https:\/\/www.facebook.com\/TorelloViticultors\/\",\"https:\/\/x.com\/TorelloViticult\",\"https:\/\/www.instagram.com\/torelloviticultors\/\",\"https:\/\/www.youtube.com\/user\/Torello57\"]},{\"@type\":\"Person\",\"@id\":\"https:\/\/torello.com\/es\/#\/schema\/person\/af0430a2b2d6328b7c5326d55829e8e5\",\"name\":\"Xavi Aranda\",\"image\":{\"@type\":\"ImageObject\",\"inLanguage\":\"es\",\"@id\":\"https:\/\/torello.com\/es\/#\/schema\/person\/image\/\",\"url\":\"https:\/\/secure.gravatar.com\/avatar\/60aaed920de8bf037b3167ff36934c57b6d91c1daceade7b67502ed2a0a18b86?s=96&d=mm&r=g\",\"contentUrl\":\"https:\/\/secure.gravatar.com\/avatar\/60aaed920de8bf037b3167ff36934c57b6d91c1daceade7b67502ed2a0a18b86?s=96&d=mm&r=g\",\"caption\":\"Xavi Aranda\"}}]}<\/script>\n<!-- \/ Yoast SEO plugin. -->","yoast_head_json":{"title":"Entrega de la Creu de Sant Jordi 2026 en Ernestina Torell\u00f3 | Torell\u00f3 Viticultors Grans escumosos i vins ecol\u00f2gics","description":"Entrega de la Creu de Sant Jordi 2026 en Ernestina Torell\u00f3. El acto de entrega de la Creu de Sant Jordi se hiz\u00f3 en la imponente sala oval...","robots":{"index":"index","follow":"follow","max-snippet":"max-snippet:-1","max-image-preview":"max-image-preview:large","max-video-preview":"max-video-preview:-1"},"canonical":"https:\/\/torello.com\/es\/entrega-de-la-creu-de-sant-jordi-2026-en-ernestina-torello\/","og_locale":"es_ES","og_type":"article","og_title":"Entrega de la Creu de Sant Jordi 2026 en Ernestina Torell\u00f3 | Torell\u00f3 Viticultors Grans escumosos i vins ecol\u00f2gics","og_description":"Entrega de la Creu de Sant Jordi 2026 en Ernestina Torell\u00f3. El acto de entrega de la Creu de Sant Jordi se hiz\u00f3 en la imponente sala oval...","og_url":"https:\/\/torello.com\/es\/entrega-de-la-creu-de-sant-jordi-2026-en-ernestina-torello\/","og_site_name":"Torell\u00f3 Viticultors Grans escumosos i vins ecol\u00f2gics","article_publisher":"https:\/\/www.facebook.com\/TorelloViticultors\/","article_published_time":"2026-04-30T09:03:35+00:00","article_modified_time":"2026-04-30T09:16:18+00:00","og_image":[{"width":800,"height":534,"url":"https:\/\/torello.com\/wp-content\/uploads\/2026\/04\/Entrega-de-la-Creu-de-Sant-Jordi-a-Ernestina-Torello.webp","type":"image\/webp"}],"author":"Xavi Aranda","twitter_card":"summary_large_image","twitter_creator":"@TorelloViticult","twitter_site":"@TorelloViticult","twitter_misc":{"Escrito por":"Xavi Aranda","Tiempo de lectura":"2 minutos"},"schema":{"@context":"https:\/\/schema.org","@graph":[{"@type":"Article","@id":"https:\/\/torello.com\/es\/entrega-de-la-creu-de-sant-jordi-2026-en-ernestina-torello\/#article","isPartOf":{"@id":"https:\/\/torello.com\/es\/entrega-de-la-creu-de-sant-jordi-2026-en-ernestina-torello\/"},"author":{"name":"Xavi Aranda","@id":"https:\/\/torello.com\/es\/#\/schema\/person\/af0430a2b2d6328b7c5326d55829e8e5"},"headline":"Entrega de la Creu de Sant Jordi 2026 en Ernestina Torell\u00f3","datePublished":"2026-04-30T09:03:35+00:00","dateModified":"2026-04-30T09:16:18+00:00","mainEntityOfPage":{"@id":"https:\/\/torello.com\/es\/entrega-de-la-creu-de-sant-jordi-2026-en-ernestina-torello\/"},"wordCount":316,"commentCount":0,"publisher":{"@id":"https:\/\/torello.com\/es\/#organization"},"image":{"@id":"https:\/\/torello.com\/es\/entrega-de-la-creu-de-sant-jordi-2026-en-ernestina-torello\/#primaryimage"},"thumbnailUrl":"https:\/\/torello.com\/wp-content\/uploads\/2026\/04\/Entrega-de-la-Creu-de-Sant-Jordi-a-Ernestina-Torello.webp","keywords":["Creu de Sant Jordi","Salvador Illa","S\u00f2nia Hern\u00e0ndez"],"articleSection":["Actualidad Torell\u00f3"],"inLanguage":"es","potentialAction":[{"@type":"CommentAction","name":"Comment","target":["https:\/\/torello.com\/es\/entrega-de-la-creu-de-sant-jordi-2026-en-ernestina-torello\/#respond"]}]},{"@type":"WebPage","@id":"https:\/\/torello.com\/es\/entrega-de-la-creu-de-sant-jordi-2026-en-ernestina-torello\/","url":"https:\/\/torello.com\/es\/entrega-de-la-creu-de-sant-jordi-2026-en-ernestina-torello\/","name":"Entrega de la Creu de Sant Jordi 2026 en Ernestina Torell\u00f3 | Torell\u00f3 Viticultors Grans escumosos i vins ecol\u00f2gics","isPartOf":{"@id":"https:\/\/torello.com\/es\/#website"},"primaryImageOfPage":{"@id":"https:\/\/torello.com\/es\/entrega-de-la-creu-de-sant-jordi-2026-en-ernestina-torello\/#primaryimage"},"image":{"@id":"https:\/\/torello.com\/es\/entrega-de-la-creu-de-sant-jordi-2026-en-ernestina-torello\/#primaryimage"},"thumbnailUrl":"https:\/\/torello.com\/wp-content\/uploads\/2026\/04\/Entrega-de-la-Creu-de-Sant-Jordi-a-Ernestina-Torello.webp","datePublished":"2026-04-30T09:03:35+00:00","dateModified":"2026-04-30T09:16:18+00:00","description":"Entrega de la Creu de Sant Jordi 2026 en Ernestina Torell\u00f3. El acto de entrega de la Creu de Sant Jordi se hiz\u00f3 en la imponente sala oval...","breadcrumb":{"@id":"https:\/\/torello.com\/es\/entrega-de-la-creu-de-sant-jordi-2026-en-ernestina-torello\/#breadcrumb"},"inLanguage":"es","potentialAction":[{"@type":"ReadAction","target":["https:\/\/torello.com\/es\/entrega-de-la-creu-de-sant-jordi-2026-en-ernestina-torello\/"]}]},{"@type":"ImageObject","inLanguage":"es","@id":"https:\/\/torello.com\/es\/entrega-de-la-creu-de-sant-jordi-2026-en-ernestina-torello\/#primaryimage","url":"https:\/\/torello.com\/wp-content\/uploads\/2026\/04\/Entrega-de-la-Creu-de-Sant-Jordi-a-Ernestina-Torello.webp","contentUrl":"https:\/\/torello.com\/wp-content\/uploads\/2026\/04\/Entrega-de-la-Creu-de-Sant-Jordi-a-Ernestina-Torello.webp","width":800,"height":534,"caption":"Entrega de la Creu de Sant Jordi a Ernestina Torell\u00f3"},{"@type":"BreadcrumbList","@id":"https:\/\/torello.com\/es\/entrega-de-la-creu-de-sant-jordi-2026-en-ernestina-torello\/#breadcrumb","itemListElement":[{"@type":"ListItem","position":1,"name":"Inici","item":"https:\/\/torello.com\/es\/"},{"@type":"ListItem","position":2,"name":"Entrega de la Creu de Sant Jordi 2026 en Ernestina Torell\u00f3"}]},{"@type":"WebSite","@id":"https:\/\/torello.com\/es\/#website","url":"https:\/\/torello.com\/es\/","name":"Torell\u00f3 Viticultors Grans escumosos i vins ecol\u00f2gics","description":"Bodega familiar situada en el Pened\u00e9s, l\u00edder en la elaboraci\u00f3n de Cava y vinos, s\u00f3lo utiliza uva cultivada en su finca Can Mart\u00ed.","publisher":{"@id":"https:\/\/torello.com\/es\/#organization"},"potentialAction":[{"@type":"SearchAction","target":{"@type":"EntryPoint","urlTemplate":"https:\/\/torello.com\/es\/?s={search_term_string}"},"query-input":{"@type":"PropertyValueSpecification","valueRequired":true,"valueName":"search_term_string"}}],"inLanguage":"es"},{"@type":"Organization","@id":"https:\/\/torello.com\/es\/#organization","name":"Torell\u00f3 espumosos y vinos ecol\u00f3gicos","url":"https:\/\/torello.com\/es\/","logo":{"@type":"ImageObject","inLanguage":"es","@id":"https:\/\/torello.com\/es\/#\/schema\/logo\/image\/","url":"https:\/\/torello.com\/wp-content\/uploads\/2020\/02\/TORELLO_LOGO_4.png","contentUrl":"https:\/\/torello.com\/wp-content\/uploads\/2020\/02\/TORELLO_LOGO_4.png","width":278,"height":140,"caption":"Torell\u00f3 espumosos y vinos ecol\u00f3gicos"},"image":{"@id":"https:\/\/torello.com\/es\/#\/schema\/logo\/image\/"},"sameAs":["https:\/\/www.facebook.com\/TorelloViticultors\/","https:\/\/x.com\/TorelloViticult","https:\/\/www.instagram.com\/torelloviticultors\/","https:\/\/www.youtube.com\/user\/Torello57"]},{"@type":"Person","@id":"https:\/\/torello.com\/es\/#\/schema\/person\/af0430a2b2d6328b7c5326d55829e8e5","name":"Xavi Aranda","image":{"@type":"ImageObject","inLanguage":"es","@id":"https:\/\/torello.com\/es\/#\/schema\/person\/image\/","url":"https:\/\/secure.gravatar.com\/avatar\/60aaed920de8bf037b3167ff36934c57b6d91c1daceade7b67502ed2a0a18b86?s=96&d=mm&r=g","contentUrl":"https:\/\/secure.gravatar.com\/avatar\/60aaed920de8bf037b3167ff36934c57b6d91c1daceade7b67502ed2a0a18b86?s=96&d=mm&r=g","caption":"Xavi Aranda"}}]}},"_links":{"self":[{"href":"https:\/\/torello.com\/es\/wp-json\/wp\/v2\/posts\/25192","targetHints":{"allow":["GET"]}}],"collection":[{"href":"https:\/\/torello.com\/es\/wp-json\/wp\/v2\/posts"}],"about":[{"href":"https:\/\/torello.com\/es\/wp-json\/wp\/v2\/types\/post"}],"author":[{"embeddable":true,"href":"https:\/\/torello.com\/es\/wp-json\/wp\/v2\/users\/6"}],"replies":[{"embeddable":true,"href":"https:\/\/torello.com\/es\/wp-json\/wp\/v2\/comments?post=25192"}],"version-history":[{"count":2,"href":"https:\/\/torello.com\/es\/wp-json\/wp\/v2\/posts\/25192\/revisions"}],"predecessor-version":[{"id":25197,"href":"https:\/\/torello.com\/es\/wp-json\/wp\/v2\/posts\/25192\/revisions\/25197"}],"wp:featuredmedia":[{"embeddable":true,"href":"https:\/\/torello.com\/es\/wp-json\/wp\/v2\/media\/25186"}],"wp:attachment":[{"href":"https:\/\/torello.com\/es\/wp-json\/wp\/v2\/media?parent=25192"}],"wp:term":[{"taxonomy":"category","embeddable":true,"href":"https:\/\/torello.com\/es\/wp-json\/wp\/v2\/categories?post=25192"},{"taxonomy":"post_tag","embeddable":true,"href":"https:\/\/torello.com\/es\/wp-json\/wp\/v2\/tags?post=25192"}],"curies":[{"name":"wp","href":"https:\/\/api.w.org\/{rel}","templated":true}]}}